{"id":15535,"date":"2026-04-11T22:07:08","date_gmt":"2026-04-11T22:07:08","guid":{"rendered":"https:\/\/diarioubatuba.com.br\/?p=15535"},"modified":"2026-04-11T22:07:47","modified_gmt":"2026-04-11T22:07:47","slug":"ubatuba-confirma-morte-de-menino-de-4-anos-por-meningite-e-nega-surto-da-doenca","status":"publish","type":"post","link":"https:\/\/diarioubatuba.com.br\/?p=15535","title":{"rendered":"Ubatuba confirma morte de garoto de 4 anos por meningite e nega surto da doen\u00e7a"},"content":{"rendered":"<div class=\"markdown markdown-main-panel stronger enable-updated-hr-color\" dir=\"ltr\" aria-live=\"polite\" aria-busy=\"false\">\n<p data-path-to-node=\"2\">A Secretaria de Sa\u00fade de Ubatuba confirmou, na pr\u00f3xima quinta (9), o \u00f3bito de um garoto de 4 anos devido um quadro de meningite aguda. O paciente estava sob cuidados m\u00e9dicos desde o come\u00e7o da semana, depois de apresentar sintomas graves, mas n\u00e3o resistiu.<\/p>\n<p data-path-to-node=\"3\">A crian\u00e7a deu entrada na Santa Casa de Ubatuba na madrugada de segunda-feira (6) e, devido \u00e0 complexidade do estado de sa\u00fade, foi transferida para o Hospital Regional do Litoral Norte, em Caraguatatuba, onde o \u00f3bito encef\u00e1lica foi confirmada pelos m\u00e9dicos.<\/p>\n<\/div>\n<p data-path-to-node=\"3\"><span><em><strong>Siga o canal \u201cNova Imprensa\u201d no WhatsApp e fique por dentro das not\u00edcias do Litoral Norte: https:\/\/whatsapp.com\/channel\/0029Vb3aWJl29759dfBaD40Y<\/strong><\/em><\/span><\/p>\n<h3 data-path-to-node=\"3\">Surto da doen\u00e7a \u00e9 descartado<\/h3>\n<div class=\"markdown markdown-main-panel stronger enable-updated-hr-color\" dir=\"ltr\" aria-live=\"polite\" aria-busy=\"false\">\n<p data-path-to-node=\"4\">Em informe oficial, a gest\u00e3o municipal manifestou pesar e solidariedade aos familiares, destacando que o caso foi levado com sigilo para preservar a identidade da v\u00edtima.<\/p>\n<p data-path-to-node=\"4\">A Vigil\u00e2ncia em Sa\u00fade informou que atuou de forma imediata assim que recebeu a notifica\u00e7\u00e3o, aplicando o protocolo de quimioprofilaxia. O procedimento consiste na gest\u00e3o de rem\u00e9dios para familiares e pessoas que mantiveram conviv\u00eancia direta com o garoto, pretendendo interromper uma capaz cadeia de transmiss\u00e3o.<\/p>\n<p data-path-to-node=\"5\">A Vigil\u00e2ncia Epidemiol\u00f3gica enfatizou que o epis\u00f3dio \u00e9 tido um caso separado e que n\u00e3o existe qualquer evid\u00eancia de surto da doen\u00e7a em Ubatuba. O \u00f3rg\u00e3o tamb\u00e9m esclareceu que n\u00e3o foram registrados ind\u00edcios de contamina\u00e7\u00e3o em unidades escolares da rede municipal.<\/p>\n<p data-path-to-node=\"5\">De acordo com a secret\u00e1ria de Sa\u00fade, Simone Brito, o munic\u00edpio tem fluxos bem definidos para o enfrentamento da doen\u00e7a, o que preserva uma resposta r\u00e1pida seguindo as normas do Sistema \u00danico de Sa\u00fade (SUS).<\/p>\n<p data-path-to-node=\"6\">As autoridades refor\u00e7am que a vacina\u00e7\u00e3o continua sendo a principal ferramenta de preven\u00e7\u00e3o contra os meios mais graves de meningite. A dire\u00e7\u00e3o para o povo \u00e9 buscar atendimento m\u00e9dico imediato ao notar indica\u00e7\u00f5es como febre alta, dor de cabe\u00e7a intensa, rigidez na nuca, v\u00f4mitos ou manchas na pele.<\/p>\n<\/div>\n<p> Ubatuba confirma morte de garoto de 4 anos por meningite e nega surto da doen\u00e7a <\/p>\n<p><i>Com informa\u00e7\u00f5es de NovaImprensa<\/i><\/p>\n","protected":false},"excerpt":{"rendered":"<p>A Secretaria de Sa\u00fade de Ubatuba confirmou, na pr\u00f3xima quinta (9), o \u00f3bito de um garoto de 4 anos devido um quadro de meningite aguda. O paciente estava sob cuidados m\u00e9dicos desde o come\u00e7o da semana, depois de apresentar sintomas graves, mas n\u00e3o resistiu. A crian\u00e7a deu entrada na Santa Casa de Ubatuba na madrugada<\/p>\n","protected":false},"author":1,"featured_media":15536,"comment_status":"closed","ping_status":"closed","sticky":false,"template":"","format":"standard","meta":{"footnotes":""},"categories":[33],"tags":[167,65,2308,219,2309,2310,1223,2311,648,1702,163,2312,2313],"class_list":{"0":"post-15535","1":"post","2":"type-post","3":"status-publish","4":"format-standard","5":"has-post-thumbnail","7":"category-ubatuba","8":"tag-cidades","9":"tag-destaques","10":"tag-hospital-regional","11":"tag-litoral-norte","12":"tag-meningite","13":"tag-nota-oficial","14":"tag-prevencao","15":"tag-quimioprofilaxia","16":"tag-saude","17":"tag-saude-publica","18":"tag-ubatuba","19":"tag-vacinacao","20":"tag-vigilancia-epidemiologica"},"_links":{"self":[{"href":"https:\/\/diarioubatuba.com.br\/index.php?rest_route=\/wp\/v2\/posts\/15535","targetHints":{"allow":["GET"]}}],"collection":[{"href":"https:\/\/diarioubatuba.com.br\/index.php?rest_route=\/wp\/v2\/posts"}],"about":[{"href":"https:\/\/diarioubatuba.com.br\/index.php?rest_route=\/wp\/v2\/types\/post"}],"author":[{"embeddable":true,"href":"https:\/\/diarioubatuba.com.br\/index.php?rest_route=\/wp\/v2\/users\/1"}],"replies":[{"embeddable":true,"href":"https:\/\/diarioubatuba.com.br\/index.php?rest_route=%2Fwp%2Fv2%2Fcomments&post=15535"}],"version-history":[{"count":1,"href":"https:\/\/diarioubatuba.com.br\/index.php?rest_route=\/wp\/v2\/posts\/15535\/revisions"}],"predecessor-version":[{"id":15538,"href":"https:\/\/diarioubatuba.com.br\/index.php?rest_route=\/wp\/v2\/posts\/15535\/revisions\/15538"}],"wp:featuredmedia":[{"embeddable":true,"href":"https:\/\/diarioubatuba.com.br\/index.php?rest_route=\/wp\/v2\/media\/15536"}],"wp:attachment":[{"href":"https:\/\/diarioubatuba.com.br\/index.php?rest_route=%2Fwp%2Fv2%2Fmedia&parent=15535"}],"wp:term":[{"taxonomy":"category","embeddable":true,"href":"https:\/\/diarioubatuba.com.br\/index.php?rest_route=%2Fwp%2Fv2%2Fcategories&post=15535"},{"taxonomy":"post_tag","embeddable":true,"href":"https:\/\/diarioubatuba.com.br\/index.php?rest_route=%2Fwp%2Fv2%2Ftags&post=15535"}],"curies":[{"name":"wp","href":"https:\/\/api.w.org\/{rel}","templated":true}]}}