{"id":15531,"date":"2026-04-11T17:54:41","date_gmt":"2026-04-11T17:54:41","guid":{"rendered":"https:\/\/diarioubatuba.com.br\/?p=15531"},"modified":"2026-04-11T17:56:45","modified_gmt":"2026-04-11T17:56:45","slug":"ubatuba-moderniza-gestao-da-saude-com-uso-de-tablets-e-tecnologia-mdm","status":"publish","type":"post","link":"https:\/\/diarioubatuba.com.br\/?p=15531","title":{"rendered":"Ubatuba moderniza gest\u00e3o da sa\u00fade com uso de tablets e tecnologia MDM"},"content":{"rendered":"<p>Ubatuba tem se destacado atrav\u00e9s do uso estrat\u00e9gico da tecnologia na sa\u00fade p\u00fablica com a implementa\u00e7\u00e3o do MDM (Mobile Device Management), sistema que permite maior controle, seguran\u00e7a e padroniza\u00e7\u00e3o no uso de tablets por profissionais da Aten\u00e7\u00e3o Prim\u00e1ria.<\/p>\n<p>A experi\u00eancia ser\u00e1 apresentada atrav\u00e9s do secret\u00e1rio de Tecnologia da Informa\u00e7\u00e3o, Yuri Mesquita Adoglio, durante o F\u00f3rum de Cidades Digitais e Inteligentes de Pindamonhangaba, que ocorre no dia 23 de abril, no Intercity P\u00e1tio Pinda Hotel &#038; Resort.<\/p>\n<p>Promovido atrav\u00e9s da Rede Cidade Digital, em colabora\u00e7\u00e3o com a Prefeitura de Pindamonhangaba, o encontro vai unit gestores p\u00fablicos, especialistas e empresas para discutir solu\u00e7\u00f5es inovadoras voltadas \u00e0 moderniza\u00e7\u00e3o dos servi\u00e7os municipais.<\/p>\n<p>Como funciona o sistema<\/p>\n<p>A aplica\u00e7\u00e3o do MDM permite o gerenciamento centralizado dos tablets usados na rede municipal de sa\u00fade, possibilitando:<\/p>\n<p>\tControle de acessos<br \/>\n\tRastreamento dos dispositivos<br \/>\n\tDefini\u00e7\u00e3o de regras de uso<br \/>\n\tPadroniza\u00e7\u00e3o de sistemas<br \/>\n\tNovidades remotas<br \/>\n\tProte\u00e7\u00e3o das informa\u00e7\u00f5es dos pacientes<\/p>\n<p>Com isso, a tecnologia diminui falhas operacionais, impede perdas de equipamentos e aumenta a produtividade das equipes, preservando mais agilidade e seguran\u00e7a nos atendimentos.<\/p>\n<p>Segundo Yuri Mesquita Adoglio, a solu\u00e7\u00e3o pode ser adaptada a munic\u00edpios de diferentes portes, inclusive com baixo or\u00e7amento, utilizando ferramentas como o Headwind MDM.<\/p>\n<p>Amplia\u00e7\u00e3o e resultados<\/p>\n<p>Inicialmente voltada aos Agentes Comunit\u00e1rios de Sa\u00fade, a iniciativa foi expandida para agentes de endemias, equipes do SAMU e EMAD, fortificando o atendimento em campo.<\/p>\n<p>Antes da implanta\u00e7\u00e3o, o munic\u00edpio enfrentava dificuldades como falta de controle dos dispositivos, riscos de uso indevido e necessidade de interven\u00e7\u00f5es presenciais do grupo de TI.<\/p>\n<p>Com o MDM, os equipamentos passaram a ser monitorados remotamente, permitindo reconhecer respons\u00e1veis, aplicar pol\u00edticas de seguran\u00e7a, controlar acessos e fazer novidades \u00e0 dist\u00e2ncia.<\/p>\n<p>Entre os principais resultados est\u00e3o o aumento da seguran\u00e7a da informa\u00e7\u00e3o, redu\u00e7\u00e3o de custos operacionais e maior produtividade das equipes, com registros ao vivo e menor tempo de inatividade dos dispositivos.<\/p>\n<p>Programa\u00e7\u00e3o e inscri\u00e7\u00f5es<\/p>\n<p>O f\u00f3rum contar\u00e1 com palestras, debates e exibi\u00e7\u00e3o de solu\u00e7\u00f5es tecnol\u00f3gicas de diversas empresas. Ao longo do evento, tamb\u00e9m ser\u00e3o entregues os t\u00edtulos \u201cPrefeitos Inovadores 2026\u201d e \u201cProjetos Inovadores 2026\u201d, reconhecendo iniciativas de destaque na \u00e1rea.<\/p>\n<p>Os cadastramentos s\u00e3o sem custo para gestores, servidores p\u00fablicos, entidades e universidades, e poder\u00e3o ser realizadas atrav\u00e9s da plataforma Sympla.<\/p>\n<p><i>Com informa\u00e7\u00f5es do Diario do Litoral<\/i><\/p>\n","protected":false},"excerpt":{"rendered":"<p>Ubatuba tem se destacado atrav\u00e9s do uso estrat\u00e9gico da tecnologia na sa\u00fade p\u00fablica com a implementa\u00e7\u00e3o do MDM (Mobile Device Management), sistema que permite maior controle, seguran\u00e7a e padroniza\u00e7\u00e3o no uso de tablets por profissionais da Aten\u00e7\u00e3o Prim\u00e1ria. A experi\u00eancia ser\u00e1 apresentada atrav\u00e9s do secret\u00e1rio de Tecnologia da Informa\u00e7\u00e3o, Yuri Mesquita Adoglio, durante o F\u00f3rum<\/p>\n","protected":false},"author":1,"featured_media":15532,"comment_status":"closed","ping_status":"closed","sticky":false,"template":"","format":"standard","meta":{"footnotes":""},"categories":[33],"tags":[219,163],"class_list":{"0":"post-15531","1":"post","2":"type-post","3":"status-publish","4":"format-standard","5":"has-post-thumbnail","7":"category-ubatuba","8":"tag-litoral-norte","9":"tag-ubatuba"},"_links":{"self":[{"href":"https:\/\/diarioubatuba.com.br\/index.php?rest_route=\/wp\/v2\/posts\/15531","targetHints":{"allow":["GET"]}}],"collection":[{"href":"https:\/\/diarioubatuba.com.br\/index.php?rest_route=\/wp\/v2\/posts"}],"about":[{"href":"https:\/\/diarioubatuba.com.br\/index.php?rest_route=\/wp\/v2\/types\/post"}],"author":[{"embeddable":true,"href":"https:\/\/diarioubatuba.com.br\/index.php?rest_route=\/wp\/v2\/users\/1"}],"replies":[{"embeddable":true,"href":"https:\/\/diarioubatuba.com.br\/index.php?rest_route=%2Fwp%2Fv2%2Fcomments&post=15531"}],"version-history":[{"count":1,"href":"https:\/\/diarioubatuba.com.br\/index.php?rest_route=\/wp\/v2\/posts\/15531\/revisions"}],"predecessor-version":[{"id":15534,"href":"https:\/\/diarioubatuba.com.br\/index.php?rest_route=\/wp\/v2\/posts\/15531\/revisions\/15534"}],"wp:featuredmedia":[{"embeddable":true,"href":"https:\/\/diarioubatuba.com.br\/index.php?rest_route=\/wp\/v2\/media\/15532"}],"wp:attachment":[{"href":"https:\/\/diarioubatuba.com.br\/index.php?rest_route=%2Fwp%2Fv2%2Fmedia&parent=15531"}],"wp:term":[{"taxonomy":"category","embeddable":true,"href":"https:\/\/diarioubatuba.com.br\/index.php?rest_route=%2Fwp%2Fv2%2Fcategories&post=15531"},{"taxonomy":"post_tag","embeddable":true,"href":"https:\/\/diarioubatuba.com.br\/index.php?rest_route=%2Fwp%2Fv2%2Ftags&post=15531"}],"curies":[{"name":"wp","href":"https:\/\/api.w.org\/{rel}","templated":true}]}}