{"id":15529,"date":"2026-04-11T17:55:04","date_gmt":"2026-04-11T17:55:04","guid":{"rendered":"https:\/\/diarioubatuba.com.br\/?p=15529"},"modified":"2026-04-11T17:55:41","modified_gmt":"2026-04-11T17:55:41","slug":"exposicao-marca-encerramento-de-projeto-memoria-caicara","status":"publish","type":"post","link":"https:\/\/diarioubatuba.com.br\/?p=15529","title":{"rendered":"Exibi\u00e7\u00e3o marca encerramento de projeto Mem\u00f3ria Cai\u00e7ara"},"content":{"rendered":"<div> \t\t\t\t\t\t \t\t\t\t\t\t\t\t \t\t\t\t<meta itemprop=\"datePublished\" content=\"2026-04-10\"> \t\t\t\t<meta itemprop=\"dateModified\" content=\"2026-04-10\"> \t\t\t\t \t\t\t \t\t\t\t<\/p>\n<p>Exibi\u00e7\u00e3o marca encerramento de projeto Mem\u00f3ria Cai\u00e7ara<\/p>\n<p><span>Postado em <span>10\/04\/2026<\/span><\/span> \t\t\t\t\t\t\t\t\t\t\t\t\t\t<\/p>\n<figure itemscope>\n<\/figure>\n<div itemprop=\"articleBody\">\n<p><span>O Museu Cai\u00e7ara faz a abertura de uma exibi\u00e7\u00e3o que marca o encerramento das atividades do projeto Mem\u00f3ria Cai\u00e7ara \u2013 Acervo de um Povo na pr\u00f3ximo s\u00e1bado, 11, com in\u00edcio das 14h. O acontecimento, com entrada gratuita, ocorre na sede da institui\u00e7\u00e3o, localizada no interior do Projeto Tamar, em Ubatuba, e apresenta o resultado de um processo de conserva\u00e7\u00e3o de documentos sobre as comunidades tradicionais do litoral paulista. A iniciativa foi viabilizada atrav\u00e9s do Edital Fomento CultSP ProAC 37\/2024 e contemplou etapas de conserva\u00e7\u00e3o f\u00edsica, digitaliza\u00e7\u00e3o e educa\u00e7\u00e3o patrimonial.<\/span><\/p>\n<p><span>A base deste acervo originou-se nas pesquisas e registros sonoros e visuais iniciados atrav\u00e9s da pesquisadora Kilza Setti na d\u00e9cada de 1960. Pioneira na documenta\u00e7\u00e3o do Fandango Cai\u00e7ara e autora da obra de refer\u00eancia Ubatuba nos Cantos das Praias, Setti sistematizou d\u00e9cadas de estudos sobre a m\u00fasica e o cotidiano local. O projeto ganhou corpo ao ser escolhido atrav\u00e9s do programa Petrobras Cultural na edi\u00e7\u00e3o de 2006\/2007, contando com o suporte do Minist\u00e9rio da Cultura e do Instituto Moreira Salles para a planejamento dos materiais.<\/span><\/p>\n<p><span>O conjunto documental re\u00fane grava\u00e7\u00f5es de m\u00fasicas tradicionais, cantos de trabalho, rezas e entrevistas com mestres da cultura cai\u00e7ara, al\u00e9m de registros fotogr\u00e1ficos do artesanato, da pesca e de festas religiosas. Todo o material foi catalogado e digitalizado para compor uma base de dados que permite a consulta tanto presencial quanto online.<\/span><\/p>\n<p><span>Para al\u00e9m da guarda de materiais hist\u00f3ricos, a execu\u00e7\u00e3o do projeto focou na forma\u00e7\u00e3o de jovens das popula\u00e7\u00f5es locais, capacitados para atuar como pesquisadores de suas pr\u00f3prias refer\u00eancias culturais. Essa abordagem buscou promover a valoriza\u00e7\u00e3o da identidade litor\u00e2nea e a compreens\u00e3o de que as tradi\u00e7\u00f5es cai\u00e7aras permanecem em continuado adapta\u00e7\u00e3o. A revitaliza\u00e7\u00e3o recente do acervo, impulsionada por novos editais em 2025, assegura a continuidade do centro de refer\u00eancia como espa\u00e7o de mem\u00f3ria viva no litoral de S\u00e3o Paulo.<\/span><\/p>\n<p><span>Paralelamente, o projeto investiu na forma\u00e7\u00e3o de novas gera\u00e7\u00f5es por interm\u00e9dio de encontros semanais de educa\u00e7\u00e3o patrimonial com alunos da Escola Estadual Sueli Aparecida Figueira dos Santos. A atividade resultou na cria\u00e7\u00e3o de um museu escolar, onde os pr\u00f3prios estudantes desenvolveram legendas e expografia para objetos de suas hist\u00f3rias familiares.<\/span><\/p>\n<p><span>Al\u00e9m de tudo, a iniciativa contou com a parceria do Projeto Guri, promovendo o ensino de m\u00fasicas cai\u00e7aras registradas nas pesquisas de Kilza Setti e conectando tradi\u00e7\u00e3o, mem\u00f3ria e forma\u00e7\u00e3o cultural de crian\u00e7as e adolescentes.<\/span><\/p>\n<p><span>Como parte da programa\u00e7\u00e3o de encerramento, o p\u00fablico conseguir\u00e1 fazer parte de viv\u00eancias de artesanato cai\u00e7ara com mestres locais e acompanhar a apresenta\u00e7\u00e3o cultural do grupo Fandango Cai\u00e7ara.<\/span><\/p>\n<\/p><\/div>\n<\/p><\/div>\n","protected":false},"excerpt":{"rendered":"<p>Exibi\u00e7\u00e3o marca encerramento de projeto Mem\u00f3ria Cai\u00e7ara Postado em 10\/04\/2026 O Museu Cai\u00e7ara faz a abertura de uma exibi\u00e7\u00e3o que marca o encerramento das atividades do projeto Mem\u00f3ria Cai\u00e7ara \u2013 Acervo de um Povo na pr\u00f3ximo s\u00e1bado, 11, com in\u00edcio das 14h. O acontecimento, com entrada gratuita, ocorre na sede da institui\u00e7\u00e3o, localizada no interior<\/p>\n","protected":false},"author":1,"featured_media":15530,"comment_status":"closed","ping_status":"closed","sticky":false,"template":"","format":"standard","meta":{"footnotes":""},"categories":[33],"tags":[163],"class_list":{"0":"post-15529","1":"post","2":"type-post","3":"status-publish","4":"format-standard","5":"has-post-thumbnail","7":"category-ubatuba","8":"tag-ubatuba"},"_links":{"self":[{"href":"https:\/\/diarioubatuba.com.br\/index.php?rest_route=\/wp\/v2\/posts\/15529","targetHints":{"allow":["GET"]}}],"collection":[{"href":"https:\/\/diarioubatuba.com.br\/index.php?rest_route=\/wp\/v2\/posts"}],"about":[{"href":"https:\/\/diarioubatuba.com.br\/index.php?rest_route=\/wp\/v2\/types\/post"}],"author":[{"embeddable":true,"href":"https:\/\/diarioubatuba.com.br\/index.php?rest_route=\/wp\/v2\/users\/1"}],"replies":[{"embeddable":true,"href":"https:\/\/diarioubatuba.com.br\/index.php?rest_route=%2Fwp%2Fv2%2Fcomments&post=15529"}],"version-history":[{"count":1,"href":"https:\/\/diarioubatuba.com.br\/index.php?rest_route=\/wp\/v2\/posts\/15529\/revisions"}],"predecessor-version":[{"id":15533,"href":"https:\/\/diarioubatuba.com.br\/index.php?rest_route=\/wp\/v2\/posts\/15529\/revisions\/15533"}],"wp:featuredmedia":[{"embeddable":true,"href":"https:\/\/diarioubatuba.com.br\/index.php?rest_route=\/wp\/v2\/media\/15530"}],"wp:attachment":[{"href":"https:\/\/diarioubatuba.com.br\/index.php?rest_route=%2Fwp%2Fv2%2Fmedia&parent=15529"}],"wp:term":[{"taxonomy":"category","embeddable":true,"href":"https:\/\/diarioubatuba.com.br\/index.php?rest_route=%2Fwp%2Fv2%2Fcategories&post=15529"},{"taxonomy":"post_tag","embeddable":true,"href":"https:\/\/diarioubatuba.com.br\/index.php?rest_route=%2Fwp%2Fv2%2Ftags&post=15529"}],"curies":[{"name":"wp","href":"https:\/\/api.w.org\/{rel}","templated":true}]}}