{"id":15523,"date":"2026-04-11T01:50:32","date_gmt":"2026-04-11T01:50:32","guid":{"rendered":"https:\/\/diarioubatuba.com.br\/?p=15523"},"modified":"2026-04-11T02:03:18","modified_gmt":"2026-04-11T02:03:18","slug":"secretaria-de-saude-de-ubatuba-lamenta-obito-e-garante-que-nao-ha-surto-de-meningite-na-cidade","status":"publish","type":"post","link":"https:\/\/diarioubatuba.com.br\/?p=15523","title":{"rendered":"Secretaria de Sa\u00fade de Ubatuba lamenta \u00f3bito e defende que n\u00e3o existe surto de meningite no munic\u00edpio"},"content":{"rendered":"<div>\n<p><span>A Secretaria de Sa\u00fade de Ubatuba informa que, na pr\u00f3xima quinta, 09, foi confirmado o \u00f3bito de uma crian\u00e7a, tendo a meningite como um dos diagn\u00f3sticos relacionados ao caso e manifesta profundo pesar e solidariedade \u00e0 fam\u00edlia, neste momento de dor e luto, apresentando todo seu respeito e acolhimento aos familiares e pessoas pr\u00f3ximas.<\/span> <\/p>\n<p><span>A pasta informa que o caso vinha sendo auxiliado pelas equipes de Sa\u00fade e, diante da confirma\u00e7\u00e3o da morte encef\u00e1lica, todas as medidas necess\u00e1rias continuam sendo adotadas com responsabilidade, sensibilidade e rigor t\u00e9cnico.<\/span> <\/p>\n<p><span>Desde a notifica\u00e7\u00e3o, a Vigil\u00e2ncia em Sa\u00fade atuou de forma imediata, seguindo rigorosamente todos os protocolos definidos pelos \u00f3rg\u00e3os competentes. Nos casos em que existe suspeita ou confirma\u00e7\u00e3o de meningite, principalmente de origem bacteriana, s\u00e3o adotadas medidas preventivas espec\u00edficas, como a quimioprofilaxia dos contatos pr\u00f3ximos, quando indicado, incluindo familiares e pessoas que tiveram conviv\u00eancia direta.<\/span> <\/p>\n<p><span>A Vigil\u00e2ncia Epidemiol\u00f3gica destaca que n\u00e3o existe registro de surto da doen\u00e7a no munic\u00edpio. Trata-se de um caso separado, que est\u00e1 sendo devidamente auxiliado pelas equipes de sa\u00fade. \u00c9 importante pontuar, ainda, que todos os protocolos de preven\u00e7\u00e3o e controle est\u00e3o sendo devidamente realizados, preservando a seguran\u00e7a dos cidad\u00e3os.<\/span> <\/p>\n<p><span>A Secretaria ressalta que, em nenhum momento, houve qualquer inten\u00e7\u00e3o de omitir informa\u00e7\u00f5es. Desde o come\u00e7o, a condu\u00e7\u00e3o do caso foi pautada atrav\u00e9s da responsabilidade e, sobretudo, atrav\u00e9s do respeito \u00e0 privacidade e \u00e0 preserva\u00e7\u00e3o da identidade da crian\u00e7a e de seus familiares, principalmente diante de um momento t\u00e3o delicado.<\/span> <\/p>\n<p><span>Tamb\u00e9m \u00e9 importante esclarecer que, at\u00e9 o momento, n\u00e3o existe qualquer outro ind\u00edcio de casos relacionados em outras unidades escolares da cidade.<\/span> <\/p>\n<p><span>Diante da ocasi\u00e3o, a Viep reitera a necessidade de manter a vacina\u00e7\u00e3o em dia, uma das principais formas de preven\u00e7\u00e3o contra formas graves de meningite e outras doen\u00e7as.<\/span> <\/p>\n<p><span>No decurso dos \u00faltimos anos, o munic\u00edpio de Ubatuba registrou casos pontuais de meningite, todos de forma separada, sem caracteriza\u00e7\u00e3o de surto. O cen\u00e1rio local continua dentro do padr\u00e3o epidemiol\u00f3gico esperado, sem indicativos de circula\u00e7\u00e3o ampliada da doen\u00e7a na comunidade.<\/span> <\/p>\n<p><span>A condu\u00e7\u00e3o desses casos \u00e9 realizada de forma t\u00e9cnica e imediata, conforme os protocolos definidos atrav\u00e9s do Sistema \u00danico de Sa\u00fade (SUS). Com in\u00edcio da notifica\u00e7\u00e3o, s\u00e3o iniciadas a\u00e7\u00f5es como investiga\u00e7\u00e3o epidemiol\u00f3gica, reconhecimento e acompanhamento de contatos pr\u00f3ximos, al\u00e9m da ado\u00e7\u00e3o de medidas preventivas espec\u00edficas, como a quimioprofilaxia, quando indicada.<\/span> <\/p>\n<p><span>\u201cO munic\u00edpio conta com equipes preparadas e fluxos bem definidos para esse tipo de situa\u00e7\u00e3o, o que garante resposta r\u00e1pida e eficaz, reduzindo significativamente os riscos de transmiss\u00e3o. Esse mesmo protocolo j\u00e1 foi aplicado no caso recente, com todas as medidas de preven\u00e7\u00e3o e controle devidamente executadas\u201d, pontuou a Secret\u00e1ria de Sa\u00fade, Simone Brito.<\/span> <\/p>\n<p><span>Em caso de indicadores ou sintomas da doen\u00e7a, como febre alta, dor de cabe\u00e7a intensa, v\u00f4mitos, rigidez de nuca ou manchas na pele, os cidad\u00e3os deve procurar atendimento m\u00e9dico imediatamente, al\u00e9m de manter o isolamento do sujeito com suspeita, conforme dire\u00e7\u00e3o das equipes de sa\u00fade.<\/span> <\/p>\n<p><em><strong>Fonte: Prefeitura Municipal de Ubatuba<\/strong><\/em> \t<\/p>\n<\/div>\n","protected":false},"excerpt":{"rendered":"<p>A Secretaria de Sa\u00fade de Ubatuba informa que, na pr\u00f3xima quinta, 09, foi confirmado o \u00f3bito de uma crian\u00e7a, tendo a meningite como um dos diagn\u00f3sticos relacionados ao caso e manifesta profundo pesar e solidariedade \u00e0 fam\u00edlia, neste momento de dor e luto, apresentando todo seu respeito e acolhimento aos familiares e pessoas pr\u00f3ximas. A<\/p>\n","protected":false},"author":1,"featured_media":15524,"comment_status":"closed","ping_status":"closed","sticky":false,"template":"","format":"standard","meta":{"footnotes":""},"categories":[33],"tags":[167,163],"class_list":{"0":"post-15523","1":"post","2":"type-post","3":"status-publish","4":"format-standard","5":"has-post-thumbnail","7":"category-ubatuba","8":"tag-cidades","9":"tag-ubatuba"},"_links":{"self":[{"href":"https:\/\/diarioubatuba.com.br\/index.php?rest_route=\/wp\/v2\/posts\/15523","targetHints":{"allow":["GET"]}}],"collection":[{"href":"https:\/\/diarioubatuba.com.br\/index.php?rest_route=\/wp\/v2\/posts"}],"about":[{"href":"https:\/\/diarioubatuba.com.br\/index.php?rest_route=\/wp\/v2\/types\/post"}],"author":[{"embeddable":true,"href":"https:\/\/diarioubatuba.com.br\/index.php?rest_route=\/wp\/v2\/users\/1"}],"replies":[{"embeddable":true,"href":"https:\/\/diarioubatuba.com.br\/index.php?rest_route=%2Fwp%2Fv2%2Fcomments&post=15523"}],"version-history":[{"count":1,"href":"https:\/\/diarioubatuba.com.br\/index.php?rest_route=\/wp\/v2\/posts\/15523\/revisions"}],"predecessor-version":[{"id":15525,"href":"https:\/\/diarioubatuba.com.br\/index.php?rest_route=\/wp\/v2\/posts\/15523\/revisions\/15525"}],"wp:featuredmedia":[{"embeddable":true,"href":"https:\/\/diarioubatuba.com.br\/index.php?rest_route=\/wp\/v2\/media\/15524"}],"wp:attachment":[{"href":"https:\/\/diarioubatuba.com.br\/index.php?rest_route=%2Fwp%2Fv2%2Fmedia&parent=15523"}],"wp:term":[{"taxonomy":"category","embeddable":true,"href":"https:\/\/diarioubatuba.com.br\/index.php?rest_route=%2Fwp%2Fv2%2Fcategories&post=15523"},{"taxonomy":"post_tag","embeddable":true,"href":"https:\/\/diarioubatuba.com.br\/index.php?rest_route=%2Fwp%2Fv2%2Ftags&post=15523"}],"curies":[{"name":"wp","href":"https:\/\/api.w.org\/{rel}","templated":true}]}}