{"id":15518,"date":"2026-04-10T23:54:09","date_gmt":"2026-04-10T23:54:09","guid":{"rendered":"https:\/\/diarioubatuba.com.br\/?p=15518"},"modified":"2026-04-11T00:07:53","modified_gmt":"2026-04-11T00:07:53","slug":"marinha-emite-alerta-de-ressaca-com-ondas-de-ate-3-metros-no-litoral-norte","status":"publish","type":"post","link":"https:\/\/diarioubatuba.com.br\/?p=15518","title":{"rendered":"Marinha emite alerta de ressaca com ondas de at\u00e9 3 metros no Litoral Norte"},"content":{"rendered":"<div class=\"markdown markdown-main-panel stronger enable-updated-hr-color\" dir=\"ltr\" aria-live=\"polite\" aria-busy=\"false\">\n<p data-path-to-node=\"2\">A Marinha do Brasil emitiu um comunicado de alerta para o Litoral Norte de forma\u00e7\u00e3o de um sistema de baixa press\u00e3o sobre o oceano, que deve gerar forte ressaca, com ondas que podem atingir a marca de tr\u00eas metros de altura em mar aberto e regi\u00f5es costeiras.<\/p>\n<p data-path-to-node=\"3\">A agita\u00e7\u00e3o mar\u00edtima \u00e9 esperada para come\u00e7ar ainda na manh\u00e3 desta sexta-feira (10), estendendo-se at\u00e9 o final da noite de s\u00e1bado (11). O fen\u00f4meno deve afetar diretamente Ilhabela, S\u00e3o Sebasti\u00e3o, Caraguatatuba e Ubatuba. A ondula\u00e7\u00e3o ter\u00e1 dire\u00e7\u00e3o predominante de sudoeste a sul.<\/p>\n<\/div>\n<p data-path-to-node=\"3\"><span><em><strong>Siga o canal \u201cNova Imprensa\u201d no WhatsApp e fique por dentro das not\u00edcias do Litoral Norte: https:\/\/whatsapp.com\/channel\/0029Vb3aWJl29759dfBaD40Y<\/strong><\/em><\/span><\/p>\n<div class=\"markdown markdown-main-panel stronger enable-updated-hr-color\" dir=\"ltr\" aria-live=\"polite\" aria-busy=\"false\">\n<p data-path-to-node=\"4\">Em virtude das condi\u00e7\u00f5es adversas, a Marinha instrui cautela extrema para pescadores e marinheiros. A dire\u00e7\u00e3o \u00e9 impedir a navega\u00e7\u00e3o durante o momento cr\u00edtico, dado o risco de naufr\u00e1gios e incidentes.<\/p>\n<p data-path-to-node=\"4\">Para os banhistas, o aviso refor\u00e7a a necessidade de manter dist\u00e2ncia das regi\u00f5es de quebra de onda, uma vez que a for\u00e7a da mar\u00e9 pode causar acidentes graves e dificultar o trabalho de salvamento.<\/p>\n<p data-path-to-node=\"5\">Al\u00e9m da mudan\u00e7a no comportamento do oceano, a meteorologia local indica que o momento ser\u00e1 agendado por instabilidade. Embora o sol apare\u00e7a auxiliado de nuvens durante as primeiras horas do dia, a previs\u00e3o aponta para o aumento da nebulosidade com pancadas de chuva separadas nos momentos da tarde e da noite, o que pode diminuir a visibilidade na costa.<\/p>\n<\/div>\n<p> Marinha emite alerta de ressaca com ondas de at\u00e9 3 metros no Litoral Norte <\/p>\n<p><i>Com informa\u00e7\u00f5es de NovaImprensa<\/i><\/p>\n","protected":false},"excerpt":{"rendered":"<p>A Marinha do Brasil emitiu um comunicado de alerta para o Litoral Norte de forma\u00e7\u00e3o de um sistema de baixa press\u00e3o sobre o oceano, que deve gerar forte ressaca, com ondas que podem atingir a marca de tr\u00eas metros de altura em mar aberto e regi\u00f5es costeiras. A agita\u00e7\u00e3o mar\u00edtima \u00e9 esperada para come\u00e7ar ainda<\/p>\n","protected":false},"author":1,"featured_media":15519,"comment_status":"closed","ping_status":"closed","sticky":false,"template":"","format":"standard","meta":{"footnotes":""},"categories":[33],"tags":[1487,2306,2307,216,167,65,170,219,1624,417,176,258,157,212,1626,163],"class_list":{"0":"post-15518","1":"post","2":"type-post","3":"status-publish","4":"format-standard","5":"has-post-thumbnail","7":"category-ubatuba","8":"tag-agitacao-maritima","9":"tag-alerta-de-ressaca","10":"tag-arraial-do-cabo","11":"tag-caraguatatuba","12":"tag-cidades","13":"tag-destaques","14":"tag-ilhabela","15":"tag-litoral-norte","16":"tag-marinha-do-brasil","17":"tag-meteorologia","18":"tag-nova-imprensa","19":"tag-previsao-do-tempo","20":"tag-rio-de-janeiro","21":"tag-sao-sebastiao","22":"tag-seguranca-na-navegacao","23":"tag-ubatuba"},"_links":{"self":[{"href":"https:\/\/diarioubatuba.com.br\/index.php?rest_route=\/wp\/v2\/posts\/15518","targetHints":{"allow":["GET"]}}],"collection":[{"href":"https:\/\/diarioubatuba.com.br\/index.php?rest_route=\/wp\/v2\/posts"}],"about":[{"href":"https:\/\/diarioubatuba.com.br\/index.php?rest_route=\/wp\/v2\/types\/post"}],"author":[{"embeddable":true,"href":"https:\/\/diarioubatuba.com.br\/index.php?rest_route=\/wp\/v2\/users\/1"}],"replies":[{"embeddable":true,"href":"https:\/\/diarioubatuba.com.br\/index.php?rest_route=%2Fwp%2Fv2%2Fcomments&post=15518"}],"version-history":[{"count":1,"href":"https:\/\/diarioubatuba.com.br\/index.php?rest_route=\/wp\/v2\/posts\/15518\/revisions"}],"predecessor-version":[{"id":15520,"href":"https:\/\/diarioubatuba.com.br\/index.php?rest_route=\/wp\/v2\/posts\/15518\/revisions\/15520"}],"wp:featuredmedia":[{"embeddable":true,"href":"https:\/\/diarioubatuba.com.br\/index.php?rest_route=\/wp\/v2\/media\/15519"}],"wp:attachment":[{"href":"https:\/\/diarioubatuba.com.br\/index.php?rest_route=%2Fwp%2Fv2%2Fmedia&parent=15518"}],"wp:term":[{"taxonomy":"category","embeddable":true,"href":"https:\/\/diarioubatuba.com.br\/index.php?rest_route=%2Fwp%2Fv2%2Fcategories&post=15518"},{"taxonomy":"post_tag","embeddable":true,"href":"https:\/\/diarioubatuba.com.br\/index.php?rest_route=%2Fwp%2Fv2%2Ftags&post=15518"}],"curies":[{"name":"wp","href":"https:\/\/api.w.org\/{rel}","templated":true}]}}