{"id":15516,"date":"2026-04-10T23:53:47","date_gmt":"2026-04-10T23:53:47","guid":{"rendered":"https:\/\/diarioubatuba.com.br\/?p=15516"},"modified":"2026-04-11T00:16:16","modified_gmt":"2026-04-11T00:16:16","slug":"bombeiros-combatem-incendio-criminoso-em-restaurante-no-centro-de-ubatuba","status":"publish","type":"post","link":"https:\/\/diarioubatuba.com.br\/?p=15516","title":{"rendered":"Bombeiros combatem inc\u00eandio bandido em restaurante no Centro de Ubatuba"},"content":{"rendered":"<div>\n<div>\n<p>                                                               <small><i> Corpo de Bombeiros<\/i><\/small>                                                                            <\/p>\n<\/p><\/div>\n<p> <i>Postado em: 08\/04\/2026<\/i><\/p>\n<p>O Corpo de Bombeiros foi acionado, na madrugada desta quarta-feira (8\/4), para ocorr\u00eancia de inc\u00eandio em restaurante localizado no Centro de Ubatuba. Conforme as informa\u00e7\u00f5es divulgadas pelos bombeiros, o inc\u00eandio\u00a0foi provocado por uma pessoa que arrombou a porta em uma tentativa de roubo.<\/p>\n<p>N\u00e3o houve v\u00edtimas. O inc\u00eandio foi controlado e\u00a0extinto, sendo o local\u00a0deixado em seguran\u00e7a. A Pol\u00edcia Militar tamb\u00e9m esteve no restaurante. O caso agora ser\u00e1 investigado atrav\u00e9s da Pol\u00edcia Civil.<\/p>\n<p><span><b><\/b><\/span><\/p>\n<hr>\n<div>\n<div>\n<div>\n<\/p><\/div>\n<p>TOR intercepta ve\u00edculo que trazia 50 tijolos de maconha e 11 de pasta base de coca\u00edna de S\u00e3o Paulo para Ubatuba<\/p>\n<\/p><\/div>\n<div>\n<div>\n<\/p><\/div>\n<p>Homem \u00e9 detido com mais de 1,7kg de drogas no Estufa II em Ubatuba<\/p>\n<\/p><\/div>\n<div>\n<div>\n<\/p><\/div>\n<p>Turista morre depois de tentar salvar crian\u00e7as de afogamento em Ubatuba<\/p>\n<\/p><\/div>\n<\/p><\/div>\n<\/p><\/div>\n<p><i>Com informa\u00e7\u00f5es de RadarLitoral<\/i><\/p>\n","protected":false},"excerpt":{"rendered":"<p>Corpo de Bombeiros Postado em: 08\/04\/2026 O Corpo de Bombeiros foi acionado, na madrugada desta quarta-feira (8\/4), para ocorr\u00eancia de inc\u00eandio em restaurante localizado no Centro de Ubatuba. Conforme as informa\u00e7\u00f5es divulgadas pelos bombeiros, o inc\u00eandio\u00a0foi provocado por uma pessoa que arrombou a porta em uma tentativa de roubo. N\u00e3o houve v\u00edtimas. O inc\u00eandio foi<\/p>\n","protected":false},"author":1,"featured_media":15517,"comment_status":"closed","ping_status":"closed","sticky":false,"template":"","format":"standard","meta":{"footnotes":""},"categories":[33],"tags":[163],"class_list":{"0":"post-15516","1":"post","2":"type-post","3":"status-publish","4":"format-standard","5":"has-post-thumbnail","7":"category-ubatuba","8":"tag-ubatuba"},"_links":{"self":[{"href":"https:\/\/diarioubatuba.com.br\/index.php?rest_route=\/wp\/v2\/posts\/15516","targetHints":{"allow":["GET"]}}],"collection":[{"href":"https:\/\/diarioubatuba.com.br\/index.php?rest_route=\/wp\/v2\/posts"}],"about":[{"href":"https:\/\/diarioubatuba.com.br\/index.php?rest_route=\/wp\/v2\/types\/post"}],"author":[{"embeddable":true,"href":"https:\/\/diarioubatuba.com.br\/index.php?rest_route=\/wp\/v2\/users\/1"}],"replies":[{"embeddable":true,"href":"https:\/\/diarioubatuba.com.br\/index.php?rest_route=%2Fwp%2Fv2%2Fcomments&post=15516"}],"version-history":[{"count":1,"href":"https:\/\/diarioubatuba.com.br\/index.php?rest_route=\/wp\/v2\/posts\/15516\/revisions"}],"predecessor-version":[{"id":15521,"href":"https:\/\/diarioubatuba.com.br\/index.php?rest_route=\/wp\/v2\/posts\/15516\/revisions\/15521"}],"wp:featuredmedia":[{"embeddable":true,"href":"https:\/\/diarioubatuba.com.br\/index.php?rest_route=\/wp\/v2\/media\/15517"}],"wp:attachment":[{"href":"https:\/\/diarioubatuba.com.br\/index.php?rest_route=%2Fwp%2Fv2%2Fmedia&parent=15516"}],"wp:term":[{"taxonomy":"category","embeddable":true,"href":"https:\/\/diarioubatuba.com.br\/index.php?rest_route=%2Fwp%2Fv2%2Fcategories&post=15516"},{"taxonomy":"post_tag","embeddable":true,"href":"https:\/\/diarioubatuba.com.br\/index.php?rest_route=%2Fwp%2Fv2%2Ftags&post=15516"}],"curies":[{"name":"wp","href":"https:\/\/api.w.org\/{rel}","templated":true}]}}