{"id":15506,"date":"2026-04-10T21:51:32","date_gmt":"2026-04-10T21:51:32","guid":{"rendered":"https:\/\/diarioubatuba.com.br\/?p=15506"},"modified":"2026-04-10T21:58:15","modified_gmt":"2026-04-10T21:58:15","slug":"apos-expo-turismo-paulista-ubatuba-confirma-participacao-na-wtm","status":"publish","type":"post","link":"https:\/\/diarioubatuba.com.br\/?p=15506","title":{"rendered":"Depois de Expo Turismo Paulista, Ubatuba confirma participa\u00e7\u00e3o na WTM"},"content":{"rendered":"<div> \t\t\t\t\t\t \t\t\t\t\t\t\t\t \t\t\t\t<meta itemprop=\"datePublished\" content=\"2026-04-09\"> \t\t\t\t<meta itemprop=\"dateModified\" content=\"2026-04-09\"> \t\t\t\t \t\t\t \t\t\t\t<\/p>\n<p>Depois de  Expo Turismo Paulista, Ubatuba confirma participa\u00e7\u00e3o na WTM<\/p>\n<p><span>Postado em <span>09\/04\/2026<\/span><\/span> \t\t\t\t\t\t\t\t\t\t\t\t\t\t<\/p>\n<figure itemscope>\n<\/figure>\n<div itemprop=\"articleBody\">\n<p><span>Na \u00faltima quarta-feira, 08, a Secretaria de Turismo de Ubatuba (Setur) tamb\u00e9m marcou presen\u00e7a no \u00faltimo dia da Expo Turismo Paulista 2026, realizada na capital. Ao longo do evento, o munic\u00edpio manteve a\u00e7\u00f5es de promo\u00e7\u00e3o institucional, com a distribui\u00e7\u00e3o de materiais informativos sobre seus atrativos tur\u00edsticos, al\u00e9m da realiza\u00e7\u00e3o de contatos com representantes do setor, com foco no fortalecimento de parcerias e na atualiza\u00e7\u00e3o sobre estrat\u00e9gias adotadas por outros destinos do estado.<\/span><\/p>\n<p><span>Inserida em um ambiente voltado ao networking e \u00e0 gera\u00e7\u00e3o de oportunidades, a feira re\u00fane destinos, empresas e profissionais do trade tur\u00edstico em uma programa\u00e7\u00e3o que incluiu estandes tem\u00e1ticos, atividades de capacita\u00e7\u00e3o e experi\u00eancias voltadas ao mercado. A participa\u00e7\u00e3o de Ubatuba ocorreu em um contexto de amplia\u00e7\u00e3o da visibilidade do destino, evidenciando seus principais produtos tur\u00edsticos a agentes de viagens, operadores e demais p\u00fablicos presentes, mostrando que o munic\u00edpio vai muito al\u00e9m de sol e praia.<\/span><\/p>\n<p><span>\u201cUbatuba conta com uma diversidade de cen\u00e1rios exuberantes com forte presen\u00e7a da mata atl\u00e2ntica e, tamb\u00e9m, oferece atrativos que englobam ecoturismo, riqueza cultural, principalmente ligada ao Turismo de Base Comunit\u00e1ria (TBC), e esportes, como surfe, ciclismo e maratonas, como o UB 515, que acontece neste fim de semana, de 10 a 13 de abril \u201d, elencou o secret\u00e1rio de Turismo de Ubatuba, Anderson Paiva. Ele ainda agradeceu os empres\u00e1rios de Ubatuba que cederam brindes para serem entregues durante o receptivo.<\/span><\/p>\n<p><span>A Expo Turismo Paulista 2026 \u00e9 coordenada atrav\u00e9s da Associa\u00e7\u00e3o das Prefeituras das Cidades Est\u00e2ncia do Estado de S\u00e3o Paulo (Aprecesp), com apoio da Associa\u00e7\u00e3o Paulista de Munic\u00edpios e consultoria da Aquarius Consulting. O acontecimento ocorre simultaneamente ao 68\u00ba Congresso da Associa\u00e7\u00e3o Paulista de Munic\u00edpios, reunindo gestores p\u00fablicos e representantes institucionais em torno de pautas relacionadas ao desenvolvimento regional com o aux\u00edlio do turismo.<\/span><\/p>\n<p><span>Como continuidade da estrat\u00e9gia de promo\u00e7\u00e3o de Ubatuba destino, a Setur j\u00e1 confirmou presen\u00e7a na WTM Latin America 2026, que ser\u00e1 realizada entre os dias 14 e 16 de abril, no Expo Center Norte, em S\u00e3o Paulo. O acontecimento \u00e9 tido um dos principais encontros do setor tur\u00edstico na Am\u00e9rica Latina, reunindo profissionais da \u00e1rea, empresas expositoras e representantes de v\u00e1rios pa\u00edses.<\/span><\/p>\n<p><span>Como continuidade da estrat\u00e9gia de promo\u00e7\u00e3o de Ubatuba destino, a Setur j\u00e1 confirmou presen\u00e7a na WTM Latin America 2026, que ser\u00e1 realizada entre os dias 14 e 16 de abril, no Expo Center Norte, em S\u00e3o Paulo. O acontecimento \u00e9 tido um dos principais encontros do setor tur\u00edstico na Am\u00e9rica Latina, reunindo profissionais da \u00e1rea, empresas expositoras e representantes de v\u00e1rios pa\u00edses.<\/span><\/p>\n<p><span>\u201cNa WTM, o foco \u00e9 um pouco diferente, visando a amplia\u00e7\u00e3o do relacionamento com mercados internacionais, alinhadas \u00e0 estrat\u00e9gia de inser\u00e7\u00e3o de Ubatuba em fluxos tur\u00edsticos estrangeiros. Nos \u00faltimos anos, o munic\u00edpio j\u00e1 desenvolveu iniciativas voltadas a esse objetivo, como a recep\u00e7\u00e3o de turistas, jornalistas e influenciadores internacionais, al\u00e9m da participa\u00e7\u00e3o em a\u00e7\u00f5es de promo\u00e7\u00e3o do destino em parceria com \u00f3rg\u00e3os estaduais e federais, buscando ampliar sua presen\u00e7a no mercado externo\u201d, acrescentou Paiva.<\/span><\/p>\n<p><span>A programa\u00e7\u00e3o da WTM inclui rodadas de neg\u00f3cios com compradores internacionais, que atuam na formata\u00e7\u00e3o e comercializa\u00e7\u00e3o de pacotes tur\u00edsticos em mercados estrangeirosl, com o aux\u00edlio do contato direto com operadores que atuam na atra\u00e7\u00e3o de turistas de outros pa\u00edses.<\/span><\/p>\n<p><span>Al\u00e9m disto, o acontecimento contar\u00e1 com a participa\u00e7\u00e3o de delega\u00e7\u00f5es internacionais, como a do Equador, que apresentar\u00e1 produtos ligados \u00e0 natureza, cultura e gastronomia, e promover\u00e1 experi\u00eancias voltadas \u00e0 propaganda do destino no mercado brasileiro. A edi\u00e7\u00e3o de 2026 tamb\u00e9m estima a realiza\u00e7\u00e3o de encontros institucionais entre autoridades do setor, com debates sobre pol\u00edticas p\u00fablicas e turismo sustent\u00e1vel, assim como a amplia\u00e7\u00e3o de espa\u00e7os dedicados a experi\u00eancias imersivas.<\/span><\/p>\n<\/p><\/div>\n<\/p><\/div>\n","protected":false},"excerpt":{"rendered":"<p>Depois de Expo Turismo Paulista, Ubatuba confirma participa\u00e7\u00e3o na WTM Postado em 09\/04\/2026 Na \u00faltima quarta-feira, 08, a Secretaria de Turismo de Ubatuba (Setur) tamb\u00e9m marcou presen\u00e7a no \u00faltimo dia da Expo Turismo Paulista 2026, realizada na capital. Ao longo do evento, o munic\u00edpio manteve a\u00e7\u00f5es de promo\u00e7\u00e3o institucional, com a distribui\u00e7\u00e3o de materiais informativos<\/p>\n","protected":false},"author":1,"featured_media":15507,"comment_status":"closed","ping_status":"closed","sticky":false,"template":"","format":"standard","meta":{"footnotes":""},"categories":[33],"tags":[163],"class_list":{"0":"post-15506","1":"post","2":"type-post","3":"status-publish","4":"format-standard","5":"has-post-thumbnail","7":"category-ubatuba","8":"tag-ubatuba"},"_links":{"self":[{"href":"https:\/\/diarioubatuba.com.br\/index.php?rest_route=\/wp\/v2\/posts\/15506","targetHints":{"allow":["GET"]}}],"collection":[{"href":"https:\/\/diarioubatuba.com.br\/index.php?rest_route=\/wp\/v2\/posts"}],"about":[{"href":"https:\/\/diarioubatuba.com.br\/index.php?rest_route=\/wp\/v2\/types\/post"}],"author":[{"embeddable":true,"href":"https:\/\/diarioubatuba.com.br\/index.php?rest_route=\/wp\/v2\/users\/1"}],"replies":[{"embeddable":true,"href":"https:\/\/diarioubatuba.com.br\/index.php?rest_route=%2Fwp%2Fv2%2Fcomments&post=15506"}],"version-history":[{"count":1,"href":"https:\/\/diarioubatuba.com.br\/index.php?rest_route=\/wp\/v2\/posts\/15506\/revisions"}],"predecessor-version":[{"id":15510,"href":"https:\/\/diarioubatuba.com.br\/index.php?rest_route=\/wp\/v2\/posts\/15506\/revisions\/15510"}],"wp:featuredmedia":[{"embeddable":true,"href":"https:\/\/diarioubatuba.com.br\/index.php?rest_route=\/wp\/v2\/media\/15507"}],"wp:attachment":[{"href":"https:\/\/diarioubatuba.com.br\/index.php?rest_route=%2Fwp%2Fv2%2Fmedia&parent=15506"}],"wp:term":[{"taxonomy":"category","embeddable":true,"href":"https:\/\/diarioubatuba.com.br\/index.php?rest_route=%2Fwp%2Fv2%2Fcategories&post=15506"},{"taxonomy":"post_tag","embeddable":true,"href":"https:\/\/diarioubatuba.com.br\/index.php?rest_route=%2Fwp%2Fv2%2Ftags&post=15506"}],"curies":[{"name":"wp","href":"https:\/\/api.w.org\/{rel}","templated":true}]}}