{"id":15497,"date":"2026-04-10T04:49:56","date_gmt":"2026-04-10T04:49:56","guid":{"rendered":"https:\/\/diarioubatuba.com.br\/?p=15497"},"modified":"2026-04-10T04:55:33","modified_gmt":"2026-04-10T04:55:33","slug":"de-congonhas-a-itanhaem-pane-aerea-em-sp-afeta-operacao-em-19-aeroportos-saiba-quais","status":"publish","type":"post","link":"https:\/\/diarioubatuba.com.br\/?p=15497","title":{"rendered":"De Congonhas a Itanha\u00e9m: Pane a\u00e9rea em SP afeta opera\u00e7\u00e3o em 19 aeroportos; saiba quais"},"content":{"rendered":"<p>Os aeroportos de S\u00e3o Paulo come\u00e7aram a retomar as opera\u00e7\u00f5es depois de a pane no sistema de controle do espa\u00e7o a\u00e9reo que paralisou pousos e decolagens por mais de uma hora na manh\u00e3 desta quinta-feira (9).<\/p>\n<p>Ambos principais terminais do estado \u2014 Congonhas e o Aeroporto Internacional de Guarulhos \u2014 j\u00e1 voltaram a operar, mas ainda de forma gradual. Em Congonhas, as atividades ficaram suspensas entre 8h58 e 10h09, segundo a concession\u00e1ria respons\u00e1vel.<\/p>\n<p>Apesar da retomada, o impacto da paralisa\u00e7\u00e3o continua no decorrer do dia. Companhias a\u00e9reas enfrentam atrasos e precisam reorganizar a malha, o que gera efeito cascata em voos dentro e fora do estado.<\/p>\n<p>Como S\u00e3o Paulo concentra o principal hub a\u00e9reo do pa\u00eds, a interrup\u00e7\u00e3o afetou conex\u00f5es em todo o Brasil. Voos foram reprogramados, aeronaves ficaram fora de posi\u00e7\u00e3o e passageiros enfrentam atrasos em sequ\u00eancia, mesmo em rotas que n\u00e3o t\u00eam origem ou destino direto nos aeroportos paulistas (veja listas de aeroportos afetados abaixo).<\/p>\n<p>Aeroporto de Congonhas amanheceu vazio por causa de pane no sistema (Valter Campanato\/Ag\u00eancia Brasil &#8211; imagem modificada por IA)<\/p>\n<p>O que causou o pane nos aeroportos de S\u00e3o Paulo?<\/p>\n<p>O erro foi causada por um problema t\u00e9cnico no sistema de controle de tr\u00e1fego a\u00e9reo da \u00e1rea de S\u00e3o Paulo, respons\u00e1vel por coordenar o fluxo de aeronaves no espa\u00e7o a\u00e9reo mais movimentado do pa\u00eds. A ocorr\u00eancia foi registrada no Controle de Aproxima\u00e7\u00e3o de S\u00e3o Paulo (APP-SP), setor estrat\u00e9gico na fase de pousos e decolagens.<\/p>\n<p>Localizado no Aeroporto de Congonhas, o centro \u00e9 respons\u00e1vel atrav\u00e9s do gerenciamento do tr\u00e1fego a\u00e9reo em terminais importantes, como o Aeroporto de Congonhas, Aeroporto Internacional de S\u00e3o Paulo\/Guarulhos, Aeroporto Internacional Tom Jobim (Gale\u00e3o), Aeroporto Santos Dumont, Aeroporto Campo de Marte e Aeroporto de Jacarepagu\u00e1.<\/p>\n<p>Conforme a For\u00e7a A\u00e9rea Brasileira (FAB), as opera\u00e7\u00f5es foram interrompidas momentaneamente por seguran\u00e7a, mas todos os protocolos foram seguidos e n\u00e3o houve risco aos passageiros. O caso ser\u00e1 investigado atrav\u00e9s do Departamento de Controle do Espa\u00e7o A\u00e9reo (Decea).<\/p>\n<p>A GRU Airport informou que a paralisa\u00e7\u00e3o n\u00e3o teve rela\u00e7\u00e3o com problemas internos no aeroporto de Guarulhos. J\u00e1 a concession\u00e1ria de Congonhas afirmou que age para normalizar completamente a opera\u00e7\u00e3o.<\/p>\n<p>A Ag\u00eancia Nacional de Avia\u00e7\u00e3o Civil (Anac) monitora a situa\u00e7\u00e3o e j\u00e1 iniciou o levantamento de voos e passageiros afetados, al\u00e9m de acompanhar poss\u00edveis reflexos no decorrer do dia.<\/p>\n<p>GRU Airport, que administra Aeroporto de Guarulhos, explicou que pane n\u00e3o tem rela\u00e7\u00e3o com ocorr\u00eancias internas no terminal (Difus\u00e3o\/GovFederal)<\/p>\n<p>Aeroportos afetados em S\u00e3o Paulo<\/p>\n<p>\tAeroporto Internacional de S\u00e3o Paulo (Guarulhos)<br \/>\n\tAeroporto de Congonhas (S\u00e3o Paulo)<br \/>\n\tAeroporto Campo de Marte (S\u00e3o Paulo)<br \/>\n\tAeroporto Internacional de Viracopos (Campinas)<br \/>\n\tAeroporto Estadual Bartholomeu de Gusm\u00e3o (Araraquara)<br \/>\n\tAeroporto Regional Comandante Luiz Gonzaga Lutti (Avar\u00e9)<br \/>\n\tAeroporto Estadual Moussa Nakhl Tobias (Bauru)<br \/>\n\tAeroporto Estadual Arthur Siqueira (Bragan\u00e7a Paulista)<br \/>\n\tAeroporto Estadual Tenente Lund Presotto (Franca)<br \/>\n\tAeroporto Edu Chaves (Guaratinguet\u00e1)<br \/>\n\tAeroporto Estadual Dr. Ant\u00f4nio Ribeiro Nogueira (Itanha\u00e9m)<br \/>\n\tAeroporto Estadual Comandante Rolim Adolfo Amaro (Jundia\u00ed)<br \/>\n\tAeroporto Estadual Frank Miloye Milenkovich (Mar\u00edlia)<br \/>\n\tAeroporto Estadual Alberto Bertelli (Registro)<br \/>\n\tAeroporto Estadual Doutor Leite Lopes (Ribeir\u00e3o Preto)<br \/>\n\tAeroporto Estadual M\u00e1rio Pereira Lopes (S\u00e3o Carlos)<br \/>\n\tAeroporto Estadual Nelson Gar\u00f3falo (S\u00e3o Manuel)<br \/>\n\tAeroporto Estadual Bertram Luiz Leupolz (Sorocaba)<br \/>\n\tAeroporto Gast\u00e3o Madeira (Ubatuba)<br \/>\n\t\u00a0<\/p>\n<p><i>Com informa\u00e7\u00f5es do Diario do Litoral<\/i><\/p>\n","protected":false},"excerpt":{"rendered":"<p>Os aeroportos de S\u00e3o Paulo come\u00e7aram a retomar as opera\u00e7\u00f5es depois de a pane no sistema de controle do espa\u00e7o a\u00e9reo que paralisou pousos e decolagens por mais de uma hora na manh\u00e3 desta quinta-feira (9). Ambos principais terminais do estado \u2014 Congonhas e o Aeroporto Internacional de Guarulhos \u2014 j\u00e1 voltaram a operar, mas<\/p>\n","protected":false},"author":1,"featured_media":15498,"comment_status":"closed","ping_status":"closed","sticky":false,"template":"","format":"standard","meta":{"footnotes":""},"categories":[33],"tags":[135,163],"class_list":{"0":"post-15497","1":"post","2":"type-post","3":"status-publish","4":"format-standard","5":"has-post-thumbnail","7":"category-ubatuba","8":"tag-brasil","9":"tag-ubatuba"},"_links":{"self":[{"href":"https:\/\/diarioubatuba.com.br\/index.php?rest_route=\/wp\/v2\/posts\/15497","targetHints":{"allow":["GET"]}}],"collection":[{"href":"https:\/\/diarioubatuba.com.br\/index.php?rest_route=\/wp\/v2\/posts"}],"about":[{"href":"https:\/\/diarioubatuba.com.br\/index.php?rest_route=\/wp\/v2\/types\/post"}],"author":[{"embeddable":true,"href":"https:\/\/diarioubatuba.com.br\/index.php?rest_route=\/wp\/v2\/users\/1"}],"replies":[{"embeddable":true,"href":"https:\/\/diarioubatuba.com.br\/index.php?rest_route=%2Fwp%2Fv2%2Fcomments&post=15497"}],"version-history":[{"count":1,"href":"https:\/\/diarioubatuba.com.br\/index.php?rest_route=\/wp\/v2\/posts\/15497\/revisions"}],"predecessor-version":[{"id":15499,"href":"https:\/\/diarioubatuba.com.br\/index.php?rest_route=\/wp\/v2\/posts\/15497\/revisions\/15499"}],"wp:featuredmedia":[{"embeddable":true,"href":"https:\/\/diarioubatuba.com.br\/index.php?rest_route=\/wp\/v2\/media\/15498"}],"wp:attachment":[{"href":"https:\/\/diarioubatuba.com.br\/index.php?rest_route=%2Fwp%2Fv2%2Fmedia&parent=15497"}],"wp:term":[{"taxonomy":"category","embeddable":true,"href":"https:\/\/diarioubatuba.com.br\/index.php?rest_route=%2Fwp%2Fv2%2Fcategories&post=15497"},{"taxonomy":"post_tag","embeddable":true,"href":"https:\/\/diarioubatuba.com.br\/index.php?rest_route=%2Fwp%2Fv2%2Ftags&post=15497"}],"curies":[{"name":"wp","href":"https:\/\/api.w.org\/{rel}","templated":true}]}}