{"id":15487,"date":"2026-04-10T02:49:10","date_gmt":"2026-04-10T02:49:10","guid":{"rendered":"https:\/\/diarioubatuba.com.br\/?p=15487"},"modified":"2026-04-10T02:52:44","modified_gmt":"2026-04-10T02:52:44","slug":"sarue-visita-casa-de-racoes-e-e-resgatado-em-ubatuba","status":"publish","type":"post","link":"https:\/\/diarioubatuba.com.br\/?p=15487","title":{"rendered":"Saru\u00ea visita casa de ra\u00e7\u00f5es e \u00e9 resgatado em Ubatuba"},"content":{"rendered":"<div class=\"markdown markdown-main-panel stronger enable-updated-hr-color\" dir=\"ltr\" aria-live=\"polite\" aria-busy=\"false\">\n<p data-path-to-node=\"2\">Um saru\u00ea movimentou o come\u00e7o do expediente em uma casa\u00a0 de ra\u00e7\u00f5es no bairro Barra da Lagoa, em Ubatuba, na pr\u00f3xima quinta (9). Por volta das 9h, os funcion\u00e1rios foram surpreendidos atrav\u00e9s da presen\u00e7a do animal que visitou o local, provavelmente em busca de alimento.<\/p>\n<p data-path-to-node=\"3\">O Corpo de Bombeiros foi chamado para fazer o manejo do animal. Utilizando equipamentos de prote\u00e7\u00e3o e t\u00e9cnicas de conten\u00e7\u00e3o para fauna selvagem, os militares foram capazes de prender o saru\u00ea e devolv\u00ea-lo ao seu habitat natural.<\/p>\n<p data-path-to-node=\"3\">Depois de a retirada do com\u00e9rcio, o animal passou por uma avalia\u00e7\u00e3o r\u00e1pida e, como apresentava boas condi\u00e7\u00f5es de sa\u00fade, foi transportado para uma \u00e1rea de mata preservada, distante do per\u00edmetro urbano.<\/p>\n<\/div>\n<p data-path-to-node=\"3\"><span><strong>Siga o canal \u201cNova Imprensa\u201d no WhatsApp e fique por dentro das not\u00edcias do Litoral Norte: https:\/\/whatsapp.com\/channel\/0029Vb3aWJl29759dfBaD40Y<\/strong><\/span><\/p>\n<div class=\"markdown markdown-main-panel stronger enable-updated-hr-color\" dir=\"ltr\" aria-live=\"polite\" aria-busy=\"false\">\n<h3 data-path-to-node=\"4\">Cuidados com o saru\u00ea<\/h3>\n<p data-path-to-node=\"4\">A corpora\u00e7\u00e3o desfrutou o epis\u00f3dio para refor\u00e7ar protocolos de seguran\u00e7a com o povo. De acordo com os especialistas, a principal dire\u00e7\u00e3o ao encontrar animais selvagens em regi\u00f5es residenciais ou comerciais \u00e9 impedir qualquer tentativa de captura por causa pr\u00f3pria. O contato direto pode ser interpretado atrav\u00e9s do animal como uma amea\u00e7a, provocando ataques defensivos.<\/p>\n<p data-path-to-node=\"5\">Outro momento destacado pelos bombeiros \u00e9 a necessidade do descarte correto de res\u00edduos. O ac\u00famulo de lixo org\u00e2nico e restos de comida expostos s\u00e3o os principais atrativos que trazem esses animais para perto das cidades em busca de alimento f\u00e1cil.<\/p>\n<p data-path-to-node=\"5\">Em casos de invas\u00e3o, a recomenda\u00e7\u00e3o \u00e9 isolar o c\u00f4modo e acionar imediatamente as autoridades competentes para o resgate seguro.<\/p>\n<\/div>\n<p> Saru\u00ea visita casa de ra\u00e7\u00f5es e \u00e9 resgatado em Ubatuba <\/p>\n<p><i>Com informa\u00e7\u00f5es de NovaImprensa<\/i><\/p>\n","protected":false},"excerpt":{"rendered":"<p>Um saru\u00ea movimentou o come\u00e7o do expediente em uma casa\u00a0 de ra\u00e7\u00f5es no bairro Barra da Lagoa, em Ubatuba, na pr\u00f3xima quinta (9). Por volta das 9h, os funcion\u00e1rios foram surpreendidos atrav\u00e9s da presen\u00e7a do animal que visitou o local, provavelmente em busca de alimento. O Corpo de Bombeiros foi chamado para fazer o manejo<\/p>\n","protected":false},"author":1,"featured_media":15488,"comment_status":"closed","ping_status":"closed","sticky":false,"template":"","format":"standard","meta":{"footnotes":""},"categories":[33],"tags":[332,2301,167,303,65,2302,195,176,177,1316,1116,163],"class_list":{"0":"post-15487","1":"post","2":"type-post","3":"status-publish","4":"format-standard","5":"has-post-thumbnail","7":"category-ubatuba","8":"tag-animal-silvestre","9":"tag-barra-da-lagoa","10":"tag-cidades","11":"tag-corpo-de-bombeiros","12":"tag-destaques","13":"tag-gamba","14":"tag-meio-ambiente","15":"tag-nova-imprensa","16":"tag-policia","17":"tag-resgate-de-animais","18":"tag-seguranca-publica","19":"tag-ubatuba"},"_links":{"self":[{"href":"https:\/\/diarioubatuba.com.br\/index.php?rest_route=\/wp\/v2\/posts\/15487","targetHints":{"allow":["GET"]}}],"collection":[{"href":"https:\/\/diarioubatuba.com.br\/index.php?rest_route=\/wp\/v2\/posts"}],"about":[{"href":"https:\/\/diarioubatuba.com.br\/index.php?rest_route=\/wp\/v2\/types\/post"}],"author":[{"embeddable":true,"href":"https:\/\/diarioubatuba.com.br\/index.php?rest_route=\/wp\/v2\/users\/1"}],"replies":[{"embeddable":true,"href":"https:\/\/diarioubatuba.com.br\/index.php?rest_route=%2Fwp%2Fv2%2Fcomments&post=15487"}],"version-history":[{"count":1,"href":"https:\/\/diarioubatuba.com.br\/index.php?rest_route=\/wp\/v2\/posts\/15487\/revisions"}],"predecessor-version":[{"id":15489,"href":"https:\/\/diarioubatuba.com.br\/index.php?rest_route=\/wp\/v2\/posts\/15487\/revisions\/15489"}],"wp:featuredmedia":[{"embeddable":true,"href":"https:\/\/diarioubatuba.com.br\/index.php?rest_route=\/wp\/v2\/media\/15488"}],"wp:attachment":[{"href":"https:\/\/diarioubatuba.com.br\/index.php?rest_route=%2Fwp%2Fv2%2Fmedia&parent=15487"}],"wp:term":[{"taxonomy":"category","embeddable":true,"href":"https:\/\/diarioubatuba.com.br\/index.php?rest_route=%2Fwp%2Fv2%2Fcategories&post=15487"},{"taxonomy":"post_tag","embeddable":true,"href":"https:\/\/diarioubatuba.com.br\/index.php?rest_route=%2Fwp%2Fv2%2Ftags&post=15487"}],"curies":[{"name":"wp","href":"https:\/\/api.w.org\/{rel}","templated":true}]}}