{"id":15482,"date":"2026-04-10T00:51:56","date_gmt":"2026-04-10T00:51:56","guid":{"rendered":"https:\/\/diarioubatuba.com.br\/?p=15482"},"modified":"2026-04-10T00:54:38","modified_gmt":"2026-04-10T00:54:38","slug":"estagio-prefeitura-de-ubatuba-abre-vagas-para-cadastro-reserva","status":"publish","type":"post","link":"https:\/\/diarioubatuba.com.br\/?p=15482","title":{"rendered":"Est\u00e1gio: Prefeitura de Ubatuba abre vagas para cadastro reserva"},"content":{"rendered":"<div> \t\t\t\t\t\t \t\t\t\t\t\t\t\t \t\t\t\t<meta itemprop=\"datePublished\" content=\"2026-04-08\"> \t\t\t\t<meta itemprop=\"dateModified\" content=\"2026-04-08\"> \t\t\t\t \t\t\t \t\t\t\t<\/p>\n<p>Est\u00e1gio: Prefeitura de Ubatuba abre vagas para cadastro reserva<\/p>\n<p><span>Postado em <span>08\/04\/2026<\/span><\/span> \t\t\t\t\t\t\t\t\t\t\t\t\t\t<\/p>\n<figure itemscope>\n<\/figure>\n<div itemprop=\"articleBody\">\n<p><span>Jovens que procuram uma oportunidade de colocar em pr\u00e1tica os conhecimentos adquiridos em cursos m\u00e9dios-t\u00e9cnicos ou ensino superior, al\u00e9m de se aprofundar nas pr\u00e1ticas e ampliar seu repert\u00f3rio, conseguir\u00e3o se cadastrar para o processo seletivo de est\u00e1gio da Prefeitura de Ubatuba a contar de quinta-feira, 09.<\/span><\/p>\n<p><span>A iniciativa, realizada em coopera\u00e7\u00e3o com o Centro de Integra\u00e7\u00e3o Empresa Escola (CIEE), pretende a forma\u00e7\u00e3o de cadastro reserva para diversas regi\u00f5es da gest\u00e3o municipal. Os cadastramentos s\u00e3o sem custo e precisam ser feitas exclusivamente atrav\u00e9s da internet, no site do CIEE, at\u00e9 meio-dia do dia 11 de maio e poder\u00e3o ser acessadas atrav\u00e9s do endere\u00e7o:\u00a0<\/span><u><span>https:\/\/pp.ciee.org.br\/vitrine\/processos-seletivos\/publico<\/span><\/u><span>. No ato da inscri\u00e7\u00e3o, al\u00e9m do preenchimento das informa\u00e7\u00f5es pessoais e escolares, o candidato precisa responder a um question\u00e1rio para an\u00e1lise curricular, que constitui a \u00fanica fase classificat\u00f3ria e eliminat\u00f3ria do processo seletivo.<\/span><\/p>\n<p><span>As oportunidades abrangem estudantes de n\u00edvel superior nos cursos de Gest\u00e3o de Empresas, Arquitetura e Urbanismo, Ci\u00eancias Cont\u00e1beis, Direito, Engenharia Civil, Pedagogia, Servi\u00e7o Social, tecnologia em Recursos Humanos, al\u00e9m de diversas forma\u00e7\u00f5es na \u00e1rea de Tecnologia da Informa\u00e7\u00e3o e Comunica\u00e7\u00e3o Social, como Marketing, Jornalismo, Publicidade e Propaganda e Rela\u00e7\u00f5es P\u00fablicas.<\/span><\/p>\n<p><span>No n\u00edvel m\u00e9dio-t\u00e9cnico, existe vagas para alunos de Gest\u00e3o, Contabilidade e Inform\u00e1tica, inclusive para as modalidades integradas ao ensino m\u00e9dio. Para fazer parte, o estudante deve estar regularmente matriculado e cursando os semestres indicados para cada \u00e1rea, ter idade m\u00ednima de 16 anos e morar em Ubatuba.<\/span><\/p>\n<p><span>Os candidatos selecionados para as vagas de n\u00edvel superior receber\u00e3o bolsa-aux\u00edlio mensal de R$ 2.000,00, enquanto para o n\u00edvel m\u00e9dio-t\u00e9cnico, o valor \u00e9 de R$ 1.100,00, ambos com jornada de 30 horas semanais. O programa proporciona ainda aux\u00edlio-transporte de R$ 30,00 por m\u00eas aos estagi\u00e1rios que utilizam transporte p\u00fablico.<\/span><\/p>\n<p><span>O edital tamb\u00e9m assegura a reserva de 10% das vagas para pessoas com defici\u00eancia e 20% para candidatos negros, \u00edndios ou quilombolas.<br \/> A necessidade do est\u00e1gio na vida acad\u00eamica \u00e9 comprovada com n\u00fameros : dados do CIEE e da Associa\u00e7\u00e3o Brasileira de Est\u00e1gios (Abres) revelam que a experi\u00eancia pr\u00e1tica triplica as oportunidades de inser\u00e7\u00e3o no mercado formal em at\u00e9 seis meses depois de a formatura, com \u00edndices de efetiva\u00e7\u00e3o que chegam a 60%. Esse sucesso decorre da maturidade adquirida no cotidiano das empresas. No n\u00edvel t\u00e9cnico, o estudante ganha seguran\u00e7a na opera\u00e7\u00e3o real de processos, enquanto no n\u00edvel superior, o est\u00e1gio funciona como o laborat\u00f3rio ideal para testar teorias diante das limita\u00e7\u00f5es do mercado. \u201cAo praticar, o jovem desenvolve habilidades comportamentais essenciais, como a capacidade de comunica\u00e7\u00e3o e a disciplina, tornando-se um profissional mais completo e preparado para as demandas que ir\u00e1 encontrar no cotidiano da profiss\u00e3o\u201d, destacou o secret\u00e1rio de Gest\u00e3o, Odirley Gil de Souza.<\/span><\/p>\n<\/p><\/div>\n<\/p><\/div>\n","protected":false},"excerpt":{"rendered":"<p>Est\u00e1gio: Prefeitura de Ubatuba abre vagas para cadastro reserva Postado em 08\/04\/2026 Jovens que procuram uma oportunidade de colocar em pr\u00e1tica os conhecimentos adquiridos em cursos m\u00e9dios-t\u00e9cnicos ou ensino superior, al\u00e9m de se aprofundar nas pr\u00e1ticas e ampliar seu repert\u00f3rio, conseguir\u00e3o se cadastrar para o processo seletivo de est\u00e1gio da Prefeitura de Ubatuba a contar<\/p>\n","protected":false},"author":1,"featured_media":15483,"comment_status":"closed","ping_status":"closed","sticky":false,"template":"","format":"standard","meta":{"footnotes":""},"categories":[33],"tags":[163],"class_list":{"0":"post-15482","1":"post","2":"type-post","3":"status-publish","4":"format-standard","5":"has-post-thumbnail","7":"category-ubatuba","8":"tag-ubatuba"},"_links":{"self":[{"href":"https:\/\/diarioubatuba.com.br\/index.php?rest_route=\/wp\/v2\/posts\/15482","targetHints":{"allow":["GET"]}}],"collection":[{"href":"https:\/\/diarioubatuba.com.br\/index.php?rest_route=\/wp\/v2\/posts"}],"about":[{"href":"https:\/\/diarioubatuba.com.br\/index.php?rest_route=\/wp\/v2\/types\/post"}],"author":[{"embeddable":true,"href":"https:\/\/diarioubatuba.com.br\/index.php?rest_route=\/wp\/v2\/users\/1"}],"replies":[{"embeddable":true,"href":"https:\/\/diarioubatuba.com.br\/index.php?rest_route=%2Fwp%2Fv2%2Fcomments&post=15482"}],"version-history":[{"count":1,"href":"https:\/\/diarioubatuba.com.br\/index.php?rest_route=\/wp\/v2\/posts\/15482\/revisions"}],"predecessor-version":[{"id":15484,"href":"https:\/\/diarioubatuba.com.br\/index.php?rest_route=\/wp\/v2\/posts\/15482\/revisions\/15484"}],"wp:featuredmedia":[{"embeddable":true,"href":"https:\/\/diarioubatuba.com.br\/index.php?rest_route=\/wp\/v2\/media\/15483"}],"wp:attachment":[{"href":"https:\/\/diarioubatuba.com.br\/index.php?rest_route=%2Fwp%2Fv2%2Fmedia&parent=15482"}],"wp:term":[{"taxonomy":"category","embeddable":true,"href":"https:\/\/diarioubatuba.com.br\/index.php?rest_route=%2Fwp%2Fv2%2Fcategories&post=15482"},{"taxonomy":"post_tag","embeddable":true,"href":"https:\/\/diarioubatuba.com.br\/index.php?rest_route=%2Fwp%2Fv2%2Ftags&post=15482"}],"curies":[{"name":"wp","href":"https:\/\/api.w.org\/{rel}","templated":true}]}}