{"id":15476,"date":"2026-04-09T13:54:17","date_gmt":"2026-04-09T13:54:17","guid":{"rendered":"https:\/\/diarioubatuba.com.br\/?p=15476"},"modified":"2026-04-09T13:54:20","modified_gmt":"2026-04-09T13:54:20","slug":"palmeiras-e-junior-barranquila-empatam-em-1-x-1-na-libertadores","status":"publish","type":"post","link":"https:\/\/diarioubatuba.com.br\/?p=15476","title":{"rendered":"Palmeiras e Junior Barranquila empatam em 1 x 1 na Libertadores"},"content":{"rendered":"<\/p>\n<p>Palmeiras e Junior Barranquilla empataram em 1 x 1, na noite desta quarta-feira (8\/4), no Est\u00e1dio Ol\u00edmpico Jaime Mor\u00f3n Le\u00f3n, atrav\u00e9s da 1\u00aa rodada da Libertadores. Teo Guti\u00e9rrez abriu o placar para aos colombianos, j\u00e1 Sosa empatou para os brasileiros.<\/p>\n<p> O Alviverde est\u00e1 no Grupo F da competi\u00e7\u00e3o, que ainda conta com Cerro Porte\u00f1o e Sporting Cristal, que se enfrentam nesta quarta (8\/4).<\/p>\n<p>   O jogo Aos nove minutos de jogo, Maur\u00edcio dominou a bola mal e ela seguiu viva, Jes\u00fas Rivas se antecipou e foi acertado por chute de jogador do Palmeiras. Depois de checagem no VAR, foi agendado p\u00eanalti ao Junior Barranquilla. Na cobran\u00e7a, Teo Guti\u00e9rrez bateu aberto e inagurou o placar.<\/p>\n<p> Ainda no primeiro tempo, a posse de bola foi equilibrada e as duas equipes tiveram boas oportunidades, mas n\u00e3o marcaram. O Palmeiras criava atrav\u00e9s da posse de bola, enquanto os donos da casa apostavam na velocidade.<\/p>\n<p> Aos 10 minutos da segunda etapa, depois de bola al\u00e7ada, Flaco L\u00f3pez cabecceou para tr\u00e1s e Sosa saiu cara a cara com o goleiro advers\u00e1rio. O paraguaio passou atrav\u00e9s do arqueiro e ficou com o gol livre para igualar o marcador.<\/p>\n<p> No segundo tempo, o Palmeiras foi o personagem principal e o respons\u00e1vel pelas grandes oportunidades de mudar o placar mais uma vez. Entretanto, a equipe brasileira, teve erros nas finaliza\u00e7\u00f5es, n\u00e3o conseguiu superar a defesa do Junior Barranquila em alguns momentos e o confronto terminou com o empate em 1 x 1.<\/p>\n<p> Pr\u00f3ximos jogos O Palmeiras volta a campo no domingo (12\/4), \u00e0s 18h30, em cl\u00e1ssico contra o Corinthians, na Neo Qu\u00edmica Arena, atrav\u00e9s da 11\u00aa rodada do Campeonato Brasileiro. J\u00e1 o Junior Barranquilla enfrenta o Rionegro \u00c1guilas, no s\u00e1bado (11\/4), atrav\u00e9s da Categor\u00eda Primera A.<\/p>\n<p> \t\t\t\t\t\t\tReceba not\u00edcias de Esportes no seu WhatsApp e fique por dentro de tudo! Basta entrar o canal de not\u00edcias do Metr\u00f3poles no WhatsApp.<\/p>\n<p> \t\t\t\t\t\t\tPretende ficar por dentro de tudo que rola no mundo dos esportes e receber as not\u00edcias direto no seu celular? Entre no canal de esportes do Metr\u00f3poles no Telegram e n\u00e3o deixe de nos seguir tamb\u00e9m no perfil de esportes do Metr\u00f3poles no Instagram!<\/p>\n<p><i>Com informa\u00e7\u00f5es Metropoles<\/i><\/p>\n","protected":false},"excerpt":{"rendered":"<p>Palmeiras e Junior Barranquilla empataram em 1 x 1, na noite desta quarta-feira (8\/4), no Est\u00e1dio Ol\u00edmpico Jaime Mor\u00f3n Le\u00f3n, atrav\u00e9s da 1\u00aa rodada da Libertadores. Teo Guti\u00e9rrez abriu o placar para aos colombianos, j\u00e1 Sosa empatou para os brasileiros. O Alviverde est\u00e1 no Grupo F da competi\u00e7\u00e3o, que ainda conta com Cerro Porte\u00f1o e<\/p>\n","protected":false},"author":1,"featured_media":15477,"comment_status":"closed","ping_status":"closed","sticky":false,"template":"","format":"standard","meta":{"footnotes":""},"categories":[31],"tags":[37],"class_list":{"0":"post-15476","1":"post","2":"type-post","3":"status-publish","4":"format-standard","5":"has-post-thumbnail","7":"category-esportes","8":"tag-esportes"},"_links":{"self":[{"href":"https:\/\/diarioubatuba.com.br\/index.php?rest_route=\/wp\/v2\/posts\/15476","targetHints":{"allow":["GET"]}}],"collection":[{"href":"https:\/\/diarioubatuba.com.br\/index.php?rest_route=\/wp\/v2\/posts"}],"about":[{"href":"https:\/\/diarioubatuba.com.br\/index.php?rest_route=\/wp\/v2\/types\/post"}],"author":[{"embeddable":true,"href":"https:\/\/diarioubatuba.com.br\/index.php?rest_route=\/wp\/v2\/users\/1"}],"replies":[{"embeddable":true,"href":"https:\/\/diarioubatuba.com.br\/index.php?rest_route=%2Fwp%2Fv2%2Fcomments&post=15476"}],"version-history":[{"count":1,"href":"https:\/\/diarioubatuba.com.br\/index.php?rest_route=\/wp\/v2\/posts\/15476\/revisions"}],"predecessor-version":[{"id":15478,"href":"https:\/\/diarioubatuba.com.br\/index.php?rest_route=\/wp\/v2\/posts\/15476\/revisions\/15478"}],"wp:featuredmedia":[{"embeddable":true,"href":"https:\/\/diarioubatuba.com.br\/index.php?rest_route=\/wp\/v2\/media\/15477"}],"wp:attachment":[{"href":"https:\/\/diarioubatuba.com.br\/index.php?rest_route=%2Fwp%2Fv2%2Fmedia&parent=15476"}],"wp:term":[{"taxonomy":"category","embeddable":true,"href":"https:\/\/diarioubatuba.com.br\/index.php?rest_route=%2Fwp%2Fv2%2Fcategories&post=15476"},{"taxonomy":"post_tag","embeddable":true,"href":"https:\/\/diarioubatuba.com.br\/index.php?rest_route=%2Fwp%2Fv2%2Ftags&post=15476"}],"curies":[{"name":"wp","href":"https:\/\/api.w.org\/{rel}","templated":true}]}}