{"id":15459,"date":"2026-04-09T04:51:05","date_gmt":"2026-04-09T04:51:05","guid":{"rendered":"https:\/\/diarioubatuba.com.br\/?p=15459"},"modified":"2026-04-09T04:52:44","modified_gmt":"2026-04-09T04:52:44","slug":"cidade-reforca-combate-a-maus-tratos-animal-com-novo-veiculo","status":"publish","type":"post","link":"https:\/\/diarioubatuba.com.br\/?p=15459","title":{"rendered":"Cidade refor\u00e7a enfrentamento a maus-tratos animal com novo ve\u00edculo"},"content":{"rendered":"<div> \t\t\t\t\t\t \t\t\t\t\t\t\t\t \t\t\t\t<meta itemprop=\"datePublished\" content=\"2026-04-07\"> \t\t\t\t<meta itemprop=\"dateModified\" content=\"2026-04-07\"> \t\t\t\t \t\t\t \t\t\t\t<\/p>\n<p>Cidade refor\u00e7a enfrentamento a maus-tratos animal com novo ve\u00edculo<\/p>\n<p><span>Postado em <span>07\/04\/2026<\/span><\/span> \t\t\t\t\t\t\t\t\t\t\t\t\t\t<\/p>\n<figure itemscope>\n<\/figure>\n<div itemprop=\"articleBody\">\n<p><span>Abril \u00e9 o m\u00eas de enfrentamento aos maus-tratos e ao abandono de animais e, como parte das a\u00e7\u00f5es de conscientiza\u00e7\u00e3o, Ubatuba celebra a chegada de um ve\u00edculo destinado ao atendimento do Centro de Refer\u00eancia Animal (CRA). O equipamento foi adquirido atrav\u00e9s de emenda parlamentar impositiva no valor de R$ 159.900,00 e passa a integrar a estrutura de atendimento do setor.<\/span><\/p>\n<p><span>O novo ve\u00edculo ser\u00e1 usado nas atividades operacionais do CRA, incluindo o atendimento de den\u00fancias de maus-tratos, resgates e demais servi\u00e7os realizados atrav\u00e9s da equipe t\u00e9cnica. Conforme a diretora do Departamento de Bem-Estar Animal, Elis\u00e2ngela Leite, a amplia\u00e7\u00e3o da frota contribui para a execu\u00e7\u00e3o das a\u00e7\u00f5es em campo e para o atendimento das demandas registradas atrav\u00e9s da popula\u00e7\u00e3o. Entre janeiro e o come\u00e7o de mar\u00e7o de 2026, o CRA j\u00e1 atendeu 130 den\u00fancias de maus-tratos.<\/span><\/p>\n<p><span>O enfrentamento a esse tipo de pr\u00e1tica depende da atua\u00e7\u00e3o conjunta entre poder p\u00fablico e sociedade, sendo fundamental que situa\u00e7\u00f5es de n\u00e3o conformidade sejam comunicadas aos canais oficiais para apura\u00e7\u00e3o e provid\u00eancias cab\u00edveis. A diretora salientou que s\u00f3 pode atuar depois de o registro formal, preservando o devido processo de apura\u00e7\u00e3o. Para protocolar uma den\u00fancia, o povo deve entrar em contato atrav\u00e9s do whatsApp (12) 3833-1004.<\/span><\/p>\n<p><span>O enfrentamento aos maus-tratos \u00e9 respaldado atrav\u00e9s da Lei Federal n\u00ba 9.605\/1998, que estima penalidades para pr\u00e1ticas de abuso, maus-tratos, ferimento ou mutila\u00e7\u00e3o de animais. A legisla\u00e7\u00e3o foi atualizada atrav\u00e9s da Lei Federal n\u00ba 14.064\/2020, que aumentou as penas para crimes cometidos contra c\u00e3es e gatos. No \u00e2mbito estadual, tamb\u00e9m existe regulamenta\u00e7\u00f5es que orientam a atua\u00e7\u00e3o das cidades e dos \u00f3rg\u00e3os de fiscaliza\u00e7\u00e3o.<\/span><\/p>\n<p><span>\u00a0\u201cA exist\u00eancia de um departamento especializado, como o CRA, permite maior organiza\u00e7\u00e3o das demandas, atendimento t\u00e9cnico e encaminhamento das ocorr\u00eancias aos \u00f3rg\u00e3os competentes\u201d, enfatizou Elis\u00e2ngela.<\/span><\/p>\n<p><span>Al\u00e9m das a\u00e7\u00f5es de fiscaliza\u00e7\u00e3o, o CRA tamb\u00e9m age na dire\u00e7\u00e3o do povo sobre guarda respons\u00e1vel, cuidados b\u00e1sicos com os animais e procedimentos para formaliza\u00e7\u00e3o de den\u00fancias. Recentemente, o atendimento na \u00e1rea sul da cidade foi retomado, ampliando o acesso do povo aos servi\u00e7os.<\/span><\/p>\n<p><strong><span>Mais sobre abril<\/span><\/strong><\/p>\n<p><span>A escolha do m\u00eas de abril est\u00e1 relacionada \u00e0 conscientiza\u00e7\u00e3o sobre a preven\u00e7\u00e3o da crueldade contra animais, com foco na informa\u00e7\u00e3o \u00e0 popula\u00e7\u00e3o, est\u00edmulo \u00e0 den\u00fancia e incentivo \u00e0 guarda respons\u00e1vel. As a\u00e7\u00f5es visam aumentar o entendimento sobre o que caracteriza maus-tratos, que incluem situa\u00e7\u00f5es como abandono, falta de alimenta\u00e7\u00e3o e \u00e1gua, aus\u00eancia de cuidados veterin\u00e1rios, manuten\u00e7\u00e3o em condi\u00e7\u00f5es inadequadas e agress\u00f5es.<\/span><\/p>\n<\/p><\/div>\n<\/p><\/div>\n","protected":false},"excerpt":{"rendered":"<p>Cidade refor\u00e7a enfrentamento a maus-tratos animal com novo ve\u00edculo Postado em 07\/04\/2026 Abril \u00e9 o m\u00eas de enfrentamento aos maus-tratos e ao abandono de animais e, como parte das a\u00e7\u00f5es de conscientiza\u00e7\u00e3o, Ubatuba celebra a chegada de um ve\u00edculo destinado ao atendimento do Centro de Refer\u00eancia Animal (CRA). O equipamento foi adquirido atrav\u00e9s de emenda<\/p>\n","protected":false},"author":1,"featured_media":15460,"comment_status":"closed","ping_status":"closed","sticky":false,"template":"","format":"standard","meta":{"footnotes":""},"categories":[33],"tags":[163],"class_list":{"0":"post-15459","1":"post","2":"type-post","3":"status-publish","4":"format-standard","5":"has-post-thumbnail","7":"category-ubatuba","8":"tag-ubatuba"},"_links":{"self":[{"href":"https:\/\/diarioubatuba.com.br\/index.php?rest_route=\/wp\/v2\/posts\/15459","targetHints":{"allow":["GET"]}}],"collection":[{"href":"https:\/\/diarioubatuba.com.br\/index.php?rest_route=\/wp\/v2\/posts"}],"about":[{"href":"https:\/\/diarioubatuba.com.br\/index.php?rest_route=\/wp\/v2\/types\/post"}],"author":[{"embeddable":true,"href":"https:\/\/diarioubatuba.com.br\/index.php?rest_route=\/wp\/v2\/users\/1"}],"replies":[{"embeddable":true,"href":"https:\/\/diarioubatuba.com.br\/index.php?rest_route=%2Fwp%2Fv2%2Fcomments&post=15459"}],"version-history":[{"count":1,"href":"https:\/\/diarioubatuba.com.br\/index.php?rest_route=\/wp\/v2\/posts\/15459\/revisions"}],"predecessor-version":[{"id":15461,"href":"https:\/\/diarioubatuba.com.br\/index.php?rest_route=\/wp\/v2\/posts\/15459\/revisions\/15461"}],"wp:featuredmedia":[{"embeddable":true,"href":"https:\/\/diarioubatuba.com.br\/index.php?rest_route=\/wp\/v2\/media\/15460"}],"wp:attachment":[{"href":"https:\/\/diarioubatuba.com.br\/index.php?rest_route=%2Fwp%2Fv2%2Fmedia&parent=15459"}],"wp:term":[{"taxonomy":"category","embeddable":true,"href":"https:\/\/diarioubatuba.com.br\/index.php?rest_route=%2Fwp%2Fv2%2Fcategories&post=15459"},{"taxonomy":"post_tag","embeddable":true,"href":"https:\/\/diarioubatuba.com.br\/index.php?rest_route=%2Fwp%2Fv2%2Ftags&post=15459"}],"curies":[{"name":"wp","href":"https:\/\/api.w.org\/{rel}","templated":true}]}}