{"id":15445,"date":"2026-04-08T08:49:07","date_gmt":"2026-04-08T08:49:07","guid":{"rendered":"https:\/\/diarioubatuba.com.br\/?p=15445"},"modified":"2026-04-08T09:00:08","modified_gmt":"2026-04-08T09:00:08","slug":"atletas-de-ubatuba-iniciam-disputas-nos-jogos-abertos-da-juventude","status":"publish","type":"post","link":"https:\/\/diarioubatuba.com.br\/?p=15445","title":{"rendered":"Esportistas de Ubatuba iniciam disputas nos Jogos Abertos da Juventude"},"content":{"rendered":"<div> \t\t\t\t\t\t \t\t\t\t\t\t\t\t \t\t\t\t<meta itemprop=\"datePublished\" content=\"2026-04-07\"> \t\t\t\t<meta itemprop=\"dateModified\" content=\"2026-04-07\"> \t\t\t\t \t\t\t \t\t\t\t<\/p>\n<p>Esportistas de Ubatuba iniciam disputas nos Jogos Abertos da Juventude<\/p>\n<p><span>Postado em <span>07\/04\/2026<\/span><\/span> \t\t\t\t\t\t\t\t\t\t\t\t\t\t<\/p>\n<figure itemscope>\n<\/figure>\n<div itemprop=\"articleBody\">\n<p>Com representantes em modalidades coletivas e individuais, Ubatuba iniciou sua trajet\u00f3ria na 41\u00aa edi\u00e7\u00e3o dos Jogos Abertos da Juventude, uma das principais competi\u00e7\u00f5es do calend\u00e1rio esportivo paulista voltadas a esportistas sub-18.<\/p>\n<p>Neste ano, o munic\u00edpio participa com equipes de basquete masculino, voleibol masculino e feminino, t\u00eanis de mesa masculino e futebol masculino, al\u00e9m de modalidades que j\u00e1 avan\u00e7am diretamente para a fase regional, como nata\u00e7\u00e3o e basquete 3\u00d73. A gin\u00e1stica r\u00edtmica, por sua vez, j\u00e1 est\u00e1 classificada para a fase estadual.<\/p>\n<p>Conforme o coordenador de competi\u00e7\u00f5es, Nicrano Gomes Junior, os Jogos Abertos da Juventude s\u00e3o divididos em tr\u00eas etapas: sub-regional, regional e estadual. A fase sub-regional re\u00fane os munic\u00edpios do Litoral Norte, enquanto a regional amplia a disputa para munic\u00edpios do Vale do Para\u00edba. Somente os campe\u00f5es avan\u00e7am de uma etapa para outra, at\u00e9 a decis\u00e3o final, marcada para o m\u00eas de junho, em Barretos.<\/p>\n<p>\u201cEstamos come\u00e7ando agora a nossa jornada nos Jogos Abertos da Juventude, uma competi\u00e7\u00e3o muito importante para os atletas sub-18. \u00c9 uma oportunidade de interc\u00e2mbio, desenvolvimento esportivo e tamb\u00e9m de proje\u00e7\u00e3o para os jovens talentos que representam Ubatuba\u201d, destacou Nicrano.<\/p>\n<p>A programa\u00e7\u00e3o j\u00e1 iniciou. No dia 10 de abril, o basquete masculino enfrenta Caraguatatuba, em S\u00e3o Sebasti\u00e3o. J\u00e1 no dia 12, a equipe volta \u00e0 quadra para jogar contra S\u00e3o Sebasti\u00e3o, tamb\u00e9m fora de casa. No dia 25 de abril, acontecem as disputas de t\u00eanis de mesa, al\u00e9m dos comprometimentos do voleibol masculino e feminino, em Caraguatatuba, e do confronto do futebol masculino contra a equipe anfitri\u00e3, em partida \u00fanica que estabelecer\u00e1 o campe\u00e3o sub-regional da modalidade.<\/p>\n<p>De acordo com o coordenador, algumas modalidades continuam formato diferenciado. \u00c9 o caso da nata\u00e7\u00e3o e do basquete 3\u00d73, que n\u00e3o passam atrav\u00e9s da fase sub-regional e entram diretamente na fase regional, prevista para ocorrer no m\u00eas de maio, com data e sede ainda a serem definidas depois de congresso t\u00e9cnico.<\/p>\n<p>Outro destaque da participa\u00e7\u00e3o de Ubatuba \u00e9 a gin\u00e1stica r\u00edtmica, que j\u00e1 defendeu vaga na fase estadual. Al\u00e9m do bom desempenho obtido em edi\u00e7\u00f5es anteriores, a modalidade tem formato espec\u00edfico dentro da competi\u00e7\u00e3o, com acesso direto \u00e0 etapa final.<\/p>\n<p>Nicrano tamb\u00e9m ressaltou que os Jogos Abertos da Juventude representam mais do que a disputa por resultados. \u201c\u00c9 uma competi\u00e7\u00e3o que movimenta v\u00e1rias modalidades, integra os munic\u00edpios da regi\u00e3o e d\u00e1 aos nossos atletas a possibilidade de competir em alto n\u00edvel desde cedo. Esse processo \u00e9 fundamental para a forma\u00e7\u00e3o esportiva e para o fortalecimento das equipes da cidade\u201d, afirmou.<\/p>\n<p>O secret\u00e1rio de Esportes, Saulo Souza, refor\u00e7ou a necessidade da participa\u00e7\u00e3o da cidade na competi\u00e7\u00e3o. \u201cOs Jogos Abertos da Juventude t\u00eam um papel muito importante na forma\u00e7\u00e3o dos nossos atletas, porque oferecem experi\u00eancia de competi\u00e7\u00e3o, interc\u00e2mbio entre munic\u00edpios e a oportunidade de representar Ubatuba em alto n\u00edvel. \u00c9 uma disputa que valoriza o esporte de base e fortalece o trabalho que vem sendo desenvolvido com nossos jovens em diferentes modalidades\u201d, destacou.<\/p>\n<p>Com calend\u00e1rio distribu\u00eddo entre abril e maio nas fases iniciais, Ubatuba inicia sua participa\u00e7\u00e3o na competi\u00e7\u00e3o com expectativa de bons resultados e de fortalecimento do esporte de base no munic\u00edpio.<\/p>\n<\/p><\/div>\n<\/p><\/div>\n","protected":false},"excerpt":{"rendered":"<p>Esportistas de Ubatuba iniciam disputas nos Jogos Abertos da Juventude Postado em 07\/04\/2026 Com representantes em modalidades coletivas e individuais, Ubatuba iniciou sua trajet\u00f3ria na 41\u00aa edi\u00e7\u00e3o dos Jogos Abertos da Juventude, uma das principais competi\u00e7\u00f5es do calend\u00e1rio esportivo paulista voltadas a esportistas sub-18. Neste ano, o munic\u00edpio participa com equipes de basquete masculino, voleibol<\/p>\n","protected":false},"author":1,"featured_media":15446,"comment_status":"closed","ping_status":"closed","sticky":false,"template":"","format":"standard","meta":{"footnotes":""},"categories":[33],"tags":[163],"class_list":{"0":"post-15445","1":"post","2":"type-post","3":"status-publish","4":"format-standard","5":"has-post-thumbnail","7":"category-ubatuba","8":"tag-ubatuba"},"_links":{"self":[{"href":"https:\/\/diarioubatuba.com.br\/index.php?rest_route=\/wp\/v2\/posts\/15445","targetHints":{"allow":["GET"]}}],"collection":[{"href":"https:\/\/diarioubatuba.com.br\/index.php?rest_route=\/wp\/v2\/posts"}],"about":[{"href":"https:\/\/diarioubatuba.com.br\/index.php?rest_route=\/wp\/v2\/types\/post"}],"author":[{"embeddable":true,"href":"https:\/\/diarioubatuba.com.br\/index.php?rest_route=\/wp\/v2\/users\/1"}],"replies":[{"embeddable":true,"href":"https:\/\/diarioubatuba.com.br\/index.php?rest_route=%2Fwp%2Fv2%2Fcomments&post=15445"}],"version-history":[{"count":1,"href":"https:\/\/diarioubatuba.com.br\/index.php?rest_route=\/wp\/v2\/posts\/15445\/revisions"}],"predecessor-version":[{"id":15447,"href":"https:\/\/diarioubatuba.com.br\/index.php?rest_route=\/wp\/v2\/posts\/15445\/revisions\/15447"}],"wp:featuredmedia":[{"embeddable":true,"href":"https:\/\/diarioubatuba.com.br\/index.php?rest_route=\/wp\/v2\/media\/15446"}],"wp:attachment":[{"href":"https:\/\/diarioubatuba.com.br\/index.php?rest_route=%2Fwp%2Fv2%2Fmedia&parent=15445"}],"wp:term":[{"taxonomy":"category","embeddable":true,"href":"https:\/\/diarioubatuba.com.br\/index.php?rest_route=%2Fwp%2Fv2%2Fcategories&post=15445"},{"taxonomy":"post_tag","embeddable":true,"href":"https:\/\/diarioubatuba.com.br\/index.php?rest_route=%2Fwp%2Fv2%2Ftags&post=15445"}],"curies":[{"name":"wp","href":"https:\/\/api.w.org\/{rel}","templated":true}]}}