{"id":15441,"date":"2026-04-08T06:51:36","date_gmt":"2026-04-08T06:51:36","guid":{"rendered":"https:\/\/diarioubatuba.com.br\/?p=15441"},"modified":"2026-04-08T07:01:43","modified_gmt":"2026-04-08T07:01:43","slug":"ciclista-e-flagrado-com-mais-de-r-100-mil-em-entorpecentes","status":"publish","type":"post","link":"https:\/\/diarioubatuba.com.br\/?p=15441","title":{"rendered":"Ciclista \u00e9 identificado com mais de R$ 100 mil em entorpecentes"},"content":{"rendered":"<div id=\"header\">\n<p><span><picture><source media=\"(min-width: 1024px)\" ><source ><\/picture><\/span><span><\/span><\/p>\n<\/p><\/div>\n<div id=\"main-wrapper\">    \t\t<main id=\"main\">    \t\t      \t\t\t  \t\t\t \t \t \t \t\t\t\t\t \t\t\t \t \t\t\t \t  \t\t\t\t \t\t\t\t\t \t     \t\t \t<\/p>\n<div>\n<p>A Pol\u00edcia Militar realizou a pris\u00e3o de um traficante no bairro Estufa II, em Ubatuba, na pr\u00f3xima segunda (6), durante ronda em \u00e1rea conhecida atrav\u00e9s do intenso com\u00e9rcio de entorpecentes. <\/p>\n<p>A equipe visualizou um sujeito transitando de bicicleta, transportando uma mochila, que ao notar a presen\u00e7a policial demonstrou nervosismo e tentou disfar\u00e7ar sua conduta, motivando a abordagem. <\/p>\n<p>Durante a a\u00e7\u00e3o, foram localizados aproximadamente 1,650 kg de crack em pedra bruta, 135 g de coca\u00edna, 2 g de maconha, al\u00e9m de 2.000 tubos pl\u00e1sticos usados para o fracionamento e comercializa\u00e7\u00e3o das drogas e a quantia de R$ 50,00 em dinheiro. O material confiscado, depois de fracionado, poderia gerar valor superior a R$ 100 mil ao tr\u00e1fico. <\/p>\n<p>Em vista a tudo, o bandido foi detido em flagrante atrav\u00e9s da Pol\u00edcia Militar, sendo necess\u00e1rio o uso de algemas diante do risco de fuga. Com apoio de outras equipes, o traficante, as drogas e os outros materiais foram conduzidos \u00e0 unidade policial para as medidas cab\u00edveis. <\/p>\n<p>O bandido permaneceu detido \u00e0 disposi\u00e7\u00e3o da Justi\u00e7a. <\/p>\n<p><em><strong>Fonte: Pol\u00edcia Militar Ambiental<\/strong><\/em> \t<\/p>\n<\/div>\n<nav>  \t\t\t  \t\t    \t\t  \t\t\t  \t\t\t  \t<\/nav>\n<p>\t\t  \t\t<\/main>    \t\t  \t\t\t\t\t  \t  \t<\/p>\n<div>\n<h3><\/h3>\n<\/p><\/div>\n<\/p><\/div>\n","protected":false},"excerpt":{"rendered":"<p>A Pol\u00edcia Militar realizou a pris\u00e3o de um traficante no bairro Estufa II, em Ubatuba, na pr\u00f3xima segunda (6), durante ronda em \u00e1rea conhecida atrav\u00e9s do intenso com\u00e9rcio de entorpecentes. A equipe visualizou um sujeito transitando de bicicleta, transportando uma mochila, que ao notar a presen\u00e7a policial demonstrou nervosismo e tentou disfar\u00e7ar sua conduta, motivando<\/p>\n","protected":false},"author":1,"featured_media":15442,"comment_status":"closed","ping_status":"closed","sticky":false,"template":"","format":"standard","meta":{"footnotes":""},"categories":[33],"tags":[167,163],"class_list":{"0":"post-15441","1":"post","2":"type-post","3":"status-publish","4":"format-standard","5":"has-post-thumbnail","7":"category-ubatuba","8":"tag-cidades","9":"tag-ubatuba"},"_links":{"self":[{"href":"https:\/\/diarioubatuba.com.br\/index.php?rest_route=\/wp\/v2\/posts\/15441","targetHints":{"allow":["GET"]}}],"collection":[{"href":"https:\/\/diarioubatuba.com.br\/index.php?rest_route=\/wp\/v2\/posts"}],"about":[{"href":"https:\/\/diarioubatuba.com.br\/index.php?rest_route=\/wp\/v2\/types\/post"}],"author":[{"embeddable":true,"href":"https:\/\/diarioubatuba.com.br\/index.php?rest_route=\/wp\/v2\/users\/1"}],"replies":[{"embeddable":true,"href":"https:\/\/diarioubatuba.com.br\/index.php?rest_route=%2Fwp%2Fv2%2Fcomments&post=15441"}],"version-history":[{"count":1,"href":"https:\/\/diarioubatuba.com.br\/index.php?rest_route=\/wp\/v2\/posts\/15441\/revisions"}],"predecessor-version":[{"id":15444,"href":"https:\/\/diarioubatuba.com.br\/index.php?rest_route=\/wp\/v2\/posts\/15441\/revisions\/15444"}],"wp:featuredmedia":[{"embeddable":true,"href":"https:\/\/diarioubatuba.com.br\/index.php?rest_route=\/wp\/v2\/media\/15442"}],"wp:attachment":[{"href":"https:\/\/diarioubatuba.com.br\/index.php?rest_route=%2Fwp%2Fv2%2Fmedia&parent=15441"}],"wp:term":[{"taxonomy":"category","embeddable":true,"href":"https:\/\/diarioubatuba.com.br\/index.php?rest_route=%2Fwp%2Fv2%2Fcategories&post=15441"},{"taxonomy":"post_tag","embeddable":true,"href":"https:\/\/diarioubatuba.com.br\/index.php?rest_route=%2Fwp%2Fv2%2Ftags&post=15441"}],"curies":[{"name":"wp","href":"https:\/\/api.w.org\/{rel}","templated":true}]}}