{"id":15422,"date":"2026-04-07T10:56:26","date_gmt":"2026-04-07T10:56:26","guid":{"rendered":"https:\/\/diarioubatuba.com.br\/?p=15422"},"modified":"2026-04-07T11:21:26","modified_gmt":"2026-04-07T11:21:26","slug":"ubatuba-cria-secretarias-da-mulher-e-pessoa-com-deficiencia-e-mobilidade-urbana","status":"publish","type":"post","link":"https:\/\/diarioubatuba.com.br\/?p=15422","title":{"rendered":"Ubatuba cria secretarias da Mulher e Pessoa com Defici\u00eancia e Mobilidade Urbana"},"content":{"rendered":"<div>\n<div>\n<p>                                                               <small><i> Propaganda\/PMU<\/i><\/small>                                                                            <\/p>\n<\/p><\/div>\n<p> <i>Postado em: 01\/04\/2026<\/i><\/p>\n<p>A Prefeitura Municipal de Ubatuba passar\u00e1 a contar com duas novas secretarias na estrutura administrativa municipal: a Secretaria Municipal de Mobilidade Urbana e a Secretaria Municipal de Defesa dos Direitos da Mulher e da Pessoa com Defici\u00eancia. As mudan\u00e7as constam no substitutivo ao Projeto de Lei n\u00ba 152\/2025, aprovado por sete votos a dois nesta sess\u00e3o da \u00faltima ter\u00e7a-feira (31)\u00a0da C\u00e2mara Municipal.<\/p>\n<p>A cria\u00e7\u00e3o da Secretaria Municipal de Defesa dos Direitos da Mulher e da Pessoa com Defici\u00eancia formaliza, na estrutura administrativa, uma atua\u00e7\u00e3o que j\u00e1 vinha sendo desenvolvida atrav\u00e9s da gest\u00e3o municipal por interm\u00e9dio de a\u00e7\u00f5es e posicionamentos p\u00fablicos voltados ao enfrentamento da viol\u00eancia de g\u00eanero e \u00e0 promo\u00e7\u00e3o de direitos, com iniciativas como, por exemplo, o cancelamento do apresenta\u00e7\u00e3o do cantor MC Daniel na programa\u00e7\u00e3o de ver\u00e3o da cidade, decis\u00e3o anunciada em meio a repercuss\u00f5es envolvendo acusa\u00e7\u00f5es contra o artista e seguida de manifesta\u00e7\u00f5es p\u00fablicas em defesa das mulheres .<\/p>\n<p>Com a nova secretaria, a Diretoria de Defesa dos Direitos da Mulher passa a atuar como inst\u00e2ncia respons\u00e1vel atrav\u00e9s da formula\u00e7\u00e3o de a\u00e7\u00f5es de preven\u00e7\u00e3o e enfrentamento \u00e0 viol\u00eancia de g\u00eanero, al\u00e9m de iniciativas voltadas \u00e0 promo\u00e7\u00e3o da autonomia feminina e ao fortalecimento da rede de prote\u00e7\u00e3o. No mesmo \u00e2mbito, a Diretoria da Pessoa com Defici\u00eancia ser\u00e1 respons\u00e1vel atrav\u00e9s da coordena\u00e7\u00e3o de pol\u00edticas de acessibilidade urbana, inclus\u00e3o social e garantia de direitos, com atua\u00e7\u00e3o integrada junto a conselhos e entidades representativas.<\/p>\n<p>&#8220;&#8221;A cria\u00e7\u00e3o desta Secretaria oficializa a prote\u00e7\u00e3o \u00e0 mulher como prioridade da gest\u00e3o. Nosso objetivo \u00e9 suprir lacunas de atendimento, integrando o poder p\u00fablico e a sociedade civil para confrontar a viol\u00eancia dom\u00e9stica em toda a extens\u00e3o da cidade. Unificamos o cuidado com a mulher e com a pessoa com defici\u00eancia em uma estrutura dedicada a assegurar direitos e seguran\u00e7a&#8221;, destacou a prefeita Flavia Pascoal.<\/p>\n<p>J\u00e1 a Secretaria Municipal de Mobilidade Urbana passa a concentrar as atribui\u00e7\u00f5es relacionadas ao planejamento do sistema vi\u00e1rio, planejamento do tr\u00e2nsito, transporte e circula\u00e7\u00e3o urbana, permitindo a condu\u00e7\u00e3o de pol\u00edticas espec\u00edficas para seguran\u00e7a no tr\u00e2nsito, fluidez das vias e desenvolvimento de projetos de mobilidade.<\/p>\n<p>O texto aprovado tamb\u00e9m promove altera\u00e7\u00f5es na Secretaria Municipal de Seguran\u00e7a P\u00fablica e Defesa Social, com a cria\u00e7\u00e3o da Diretoria de Intelig\u00eancia, Monitoramento e Gest\u00e3o Integrada da Seguran\u00e7a P\u00fablica, voltada \u00e0 produ\u00e7\u00e3o e an\u00e1lise de dados, gerenciamento de sistemas de monitoramento e integra\u00e7\u00e3o de informa\u00e7\u00f5es para subsidiar as a\u00e7\u00f5es de seguran\u00e7a.<\/p>\n<p>A proposta inclui ainda a cria\u00e7\u00e3o de cargos auxiliares vinculados aos servi\u00e7os p\u00fablicos, distribu\u00eddos por regi\u00f5es da cidade, com fun\u00e7\u00f5es de apoio administrativo, al\u00e9m de ajustes nas regras de rateio de honor\u00e1rios advocat\u00edcios entre procuradores municipais.<\/p>\n<p>Com a aprova\u00e7\u00e3o, a lei altera a estrutura organizacional da gest\u00e3o direta da cidade e entra em vigor na data de sua publica\u00e7\u00e3o.<\/p>\n<p>A Prefeirtura n\u00e3o informou quantos cargos ser\u00e3o criados e nem o impacto das altera\u00e7\u00f5es na folha salarial.<\/p>\n<p><span><b><\/b><\/span><\/p>\n<hr><\/div>\n<p><i>Com informa\u00e7\u00f5es de RadarLitoral<\/i><\/p>\n","protected":false},"excerpt":{"rendered":"<p>Propaganda\/PMU Postado em: 01\/04\/2026 A Prefeitura Municipal de Ubatuba passar\u00e1 a contar com duas novas secretarias na estrutura administrativa municipal: a Secretaria Municipal de Mobilidade Urbana e a Secretaria Municipal de Defesa dos Direitos da Mulher e da Pessoa com Defici\u00eancia. As mudan\u00e7as constam no substitutivo ao Projeto de Lei n\u00ba 152\/2025, aprovado por sete<\/p>\n","protected":false},"author":1,"featured_media":15423,"comment_status":"closed","ping_status":"closed","sticky":false,"template":"","format":"standard","meta":{"footnotes":""},"categories":[33],"tags":[163],"class_list":{"0":"post-15422","1":"post","2":"type-post","3":"status-publish","4":"format-standard","5":"has-post-thumbnail","7":"category-ubatuba","8":"tag-ubatuba"},"_links":{"self":[{"href":"https:\/\/diarioubatuba.com.br\/index.php?rest_route=\/wp\/v2\/posts\/15422","targetHints":{"allow":["GET"]}}],"collection":[{"href":"https:\/\/diarioubatuba.com.br\/index.php?rest_route=\/wp\/v2\/posts"}],"about":[{"href":"https:\/\/diarioubatuba.com.br\/index.php?rest_route=\/wp\/v2\/types\/post"}],"author":[{"embeddable":true,"href":"https:\/\/diarioubatuba.com.br\/index.php?rest_route=\/wp\/v2\/users\/1"}],"replies":[{"embeddable":true,"href":"https:\/\/diarioubatuba.com.br\/index.php?rest_route=%2Fwp%2Fv2%2Fcomments&post=15422"}],"version-history":[{"count":1,"href":"https:\/\/diarioubatuba.com.br\/index.php?rest_route=\/wp\/v2\/posts\/15422\/revisions"}],"predecessor-version":[{"id":15427,"href":"https:\/\/diarioubatuba.com.br\/index.php?rest_route=\/wp\/v2\/posts\/15422\/revisions\/15427"}],"wp:featuredmedia":[{"embeddable":true,"href":"https:\/\/diarioubatuba.com.br\/index.php?rest_route=\/wp\/v2\/media\/15423"}],"wp:attachment":[{"href":"https:\/\/diarioubatuba.com.br\/index.php?rest_route=%2Fwp%2Fv2%2Fmedia&parent=15422"}],"wp:term":[{"taxonomy":"category","embeddable":true,"href":"https:\/\/diarioubatuba.com.br\/index.php?rest_route=%2Fwp%2Fv2%2Fcategories&post=15422"},{"taxonomy":"post_tag","embeddable":true,"href":"https:\/\/diarioubatuba.com.br\/index.php?rest_route=%2Fwp%2Fv2%2Ftags&post=15422"}],"curies":[{"name":"wp","href":"https:\/\/api.w.org\/{rel}","templated":true}]}}