{"id":15407,"date":"2026-04-06T16:56:20","date_gmt":"2026-04-06T16:56:20","guid":{"rendered":"https:\/\/diarioubatuba.com.br\/?p=15407"},"modified":"2026-04-06T17:02:17","modified_gmt":"2026-04-06T17:02:17","slug":"fabio-matias-e-anunciado-na-chapecoense-apos-demissao-na-portuguesa-sp","status":"publish","type":"post","link":"https:\/\/diarioubatuba.com.br\/?p=15407","title":{"rendered":"F\u00e1bio Matias \u00e9 anunciado na Chapecoense depois de demiss\u00e3o na Portuguesa-SP"},"content":{"rendered":"<\/p>\n<p>Ocorreu a primeira demiss\u00e3o do Brasileir\u00e3o S\u00e9rie D ZeroUm. Domingo agora (5\/4), F\u00e1bio Matias foi desligado do cargo de t\u00e9cnico da Portuguesa-SP. No s\u00e1bado (4\/4), o clube empatou em 1 x 1 com a Portuguesa-RJ. No entanto, o treinador est\u00e1 de casa nova. Ele foi anunciado atrav\u00e9s da Chapecoense.<\/p>\n<p> Conforme a Portuguesa-SP, a decis\u00e3o foi tomada depois de o avan\u00e7o de negocia\u00e7\u00f5es do t\u00e9cnico com a Chapecoense, que disputa a S\u00e9rie A do Brasileir\u00e3o. A diretoria da Lusa queria uma atitude mais profissional de F\u00e1bio Matias, al\u00e9m do comprometimento absoluto com o projeto do time.<\/p>\n<p> Depois da demiss\u00e3o, F\u00e1bio Matias foi anunciado de forma oficial atrav\u00e9s da Chapecoense. O profissional chega a Chapec\u00f3 ter\u00e7a-feira agora (7\/4), para comandar o clube nos comprometimentos da temporada.<\/p>\n<p> \u00a0<\/p>\n<p>   \u00a0<\/p>\n<p>           Ver essa foto no Instagram                       \u00a0<\/p>\n<p> Um post compartilhado por Chapecoense (@chapecoensereal)<\/p>\n<p>  Sob o comando de F\u00e1bio Matias, a Portuguesa entrou em campo em 13 oportunidades. Foram seis vit\u00f3rias. tr\u00eas empates e quatro derrotas. Agora, o clube procura um novo treinador para a sequ\u00eancia da temporada.<\/p>\n<p> D\u00ea uma olhada a nota oficial da Portuguesa:<\/p>\n<p> A Portuguesa SAF comunica o desligamento do t\u00e9cnico F\u00e1bio Matias do comando do time profissional.<\/p>\n<p> A decis\u00e3o foi tomada depois de o avan\u00e7o de negocia\u00e7\u00f5es do treinador com outro clube. A diretoria entende que o momento exige um profissional com dedica\u00e7\u00e3o integral e comprometimento absoluto com o projeto esportivo da Portuguesa.<\/p>\n<p> Sob seu comando, a equipe disputou 13 partidas, com 6 vit\u00f3rias, 3 empates e 4 derrotas.<\/p>\n<p> A Portuguesa SAF informa que j\u00e1 iniciou o processo de busca por um novo treinador e espera anunciar brevemente o profissional que dar\u00e1 sequ\u00eancia ao planejamento da temporada.<\/p>\n<p> \t\t\t\t\t\t\tReceba not\u00edcias de Esportes no seu WhatsApp e fique por dentro de tudo! Basta entrar o canal de not\u00edcias do Metr\u00f3poles no WhatsApp.<\/p>\n<p> \t\t\t\t\t\t\tDeseja ficar por dentro de tudo que rola no mundo dos esportes e receber as not\u00edcias direto no seu celular? Entre no canal de esportes do Metr\u00f3poles no Telegram e n\u00e3o deixe de nos seguir tamb\u00e9m no perfil de esportes do Metr\u00f3poles no Instagram!<\/p>\n<p><i>Com informa\u00e7\u00f5es Metropoles<\/i><\/p>\n","protected":false},"excerpt":{"rendered":"<p>Ocorreu a primeira demiss\u00e3o do Brasileir\u00e3o S\u00e9rie D ZeroUm. Domingo agora (5\/4), F\u00e1bio Matias foi desligado do cargo de t\u00e9cnico da Portuguesa-SP. No s\u00e1bado (4\/4), o clube empatou em 1 x 1 com a Portuguesa-RJ. No entanto, o treinador est\u00e1 de casa nova. Ele foi anunciado atrav\u00e9s da Chapecoense. Conforme a Portuguesa-SP, a decis\u00e3o foi<\/p>\n","protected":false},"author":1,"featured_media":15408,"comment_status":"closed","ping_status":"closed","sticky":false,"template":"","format":"standard","meta":{"footnotes":""},"categories":[31],"tags":[37],"class_list":{"0":"post-15407","1":"post","2":"type-post","3":"status-publish","4":"format-standard","5":"has-post-thumbnail","7":"category-esportes","8":"tag-esportes"},"_links":{"self":[{"href":"https:\/\/diarioubatuba.com.br\/index.php?rest_route=\/wp\/v2\/posts\/15407","targetHints":{"allow":["GET"]}}],"collection":[{"href":"https:\/\/diarioubatuba.com.br\/index.php?rest_route=\/wp\/v2\/posts"}],"about":[{"href":"https:\/\/diarioubatuba.com.br\/index.php?rest_route=\/wp\/v2\/types\/post"}],"author":[{"embeddable":true,"href":"https:\/\/diarioubatuba.com.br\/index.php?rest_route=\/wp\/v2\/users\/1"}],"replies":[{"embeddable":true,"href":"https:\/\/diarioubatuba.com.br\/index.php?rest_route=%2Fwp%2Fv2%2Fcomments&post=15407"}],"version-history":[{"count":1,"href":"https:\/\/diarioubatuba.com.br\/index.php?rest_route=\/wp\/v2\/posts\/15407\/revisions"}],"predecessor-version":[{"id":15409,"href":"https:\/\/diarioubatuba.com.br\/index.php?rest_route=\/wp\/v2\/posts\/15407\/revisions\/15409"}],"wp:featuredmedia":[{"embeddable":true,"href":"https:\/\/diarioubatuba.com.br\/index.php?rest_route=\/wp\/v2\/media\/15408"}],"wp:attachment":[{"href":"https:\/\/diarioubatuba.com.br\/index.php?rest_route=%2Fwp%2Fv2%2Fmedia&parent=15407"}],"wp:term":[{"taxonomy":"category","embeddable":true,"href":"https:\/\/diarioubatuba.com.br\/index.php?rest_route=%2Fwp%2Fv2%2Fcategories&post=15407"},{"taxonomy":"post_tag","embeddable":true,"href":"https:\/\/diarioubatuba.com.br\/index.php?rest_route=%2Fwp%2Fv2%2Ftags&post=15407"}],"curies":[{"name":"wp","href":"https:\/\/api.w.org\/{rel}","templated":true}]}}