{"id":15400,"date":"2026-04-06T13:43:17","date_gmt":"2026-04-06T13:43:17","guid":{"rendered":"https:\/\/diarioubatuba.com.br\/?p=15400"},"modified":"2026-04-06T14:06:15","modified_gmt":"2026-04-06T14:06:15","slug":"turista-de-minas-morre-afogado-em-ubatuba-ao-tentar-salvar-criancas-na-praia-das-toninhas","status":"publish","type":"post","link":"https:\/\/diarioubatuba.com.br\/?p=15400","title":{"rendered":"Turista de Minas morre afogado em Ubatuba ao tentar salvar crian\u00e7as na praia das Toninhas"},"content":{"rendered":"<p>Um turista de 49 anos da cidade de Patroc\u00ednio de Minas (MG) morreu afogado na manh\u00e3 deste domingo (5\/4) na praia da Toninhas, em Ubatuba. Segundo informa\u00e7\u00f5es de testemunhas, ele teria entrado no mar para auxiliar os filhos que estavam na \u00e1gua e apresentavam dificuldades para tornar \u00e0 areia.<\/p>\n<p><span><em><strong>Siga o canal \u201cNova Imprensa\u201d no WhatsApp e fique por dentro das not\u00edcias do Litoral Norte:\u00a0https:\/\/whatsapp.com\/channel\/0029Vb3aWJl29759dfBaD40Y<\/strong><\/em><\/span><\/p>\n<p>Durante o socorro \u00e0s crian\u00e7as, ele teria sido arrastado atrav\u00e9s da correnteza.<\/p>\n<figure aria-describedby=\"caption-attachment-60339\" class=\"wp-caption alignnone\"><figcaption class=\"wp-caption-text\">V\u00edtima chegou a ser resgatada atrav\u00e9s do Grupamento de Bombeiros Mar\u00edtimo na Praia das Toninhas. Foto: GBMar<\/figcaption><\/figure>\n<p>Tr\u00eas viaturas do Grupamento de Bombeiro Mar\u00edtimo (GBMar) e um efetivo de seis bombeiros foram mobilizados para atender a ocorr\u00eancia.<\/p>\n<p>No local, as equipes constataram que a v\u00edtima se encontrava em estado grave (afogamento grau 6), sendo iniciados os procedimentos de reanima\u00e7\u00e3o cardiopulmonar.<\/p>\n<p>Durante o atendimento conforme o guarda-vidas, houve revers\u00e3o inicial do quadro, com posterior encaminhamento em unidade de suporte avan\u00e7ado.<\/p>\n<p>Em seguida, a v\u00edtima apresentou nova parada cardiorrespirat\u00f3ria e o \u00f3bito foi constatado atrav\u00e9s do m\u00e9dico do grupo de suporte avan\u00e7ado ainda durante o atendimento.<\/p>\n<p>A a\u00e7\u00e3o contou com apoio de equipes de resgate e atendimento pr\u00e9-hospitalar, al\u00e9m da coordena\u00e7\u00e3o do sistema operacional do Corpo de Bombeiros.<\/p>\n<p>O Grupamento de Bombeiros Mar\u00edtimo refor\u00e7a a necessidade de respeitar as orienta\u00e7\u00f5es de seguran\u00e7a nas praias, atentando-se \u00e0s condi\u00e7\u00f5es do mar e \u00e0 sinaliza\u00e7\u00e3o existente, impedindo situa\u00e7\u00f5es de risco, inclusive em regi\u00f5es com presen\u00e7a de correntes de retorno.<\/p>\n<p> Turista de Minas morre afogado em Ubatuba ao tentar salvar crian\u00e7as na praia das Toninhas <\/p>\n<p><i>Com informa\u00e7\u00f5es de NovaImprensa<\/i><\/p>\n","protected":false},"excerpt":{"rendered":"<p>Um turista de 49 anos da cidade de Patroc\u00ednio de Minas (MG) morreu afogado na manh\u00e3 deste domingo (5\/4) na praia da Toninhas, em Ubatuba. Segundo informa\u00e7\u00f5es de testemunhas, ele teria entrado no mar para auxiliar os filhos que estavam na \u00e1gua e apresentavam dificuldades para tornar \u00e0 areia. Siga o canal \u201cNova Imprensa\u201d no<\/p>\n","protected":false},"author":1,"featured_media":15401,"comment_status":"closed","ping_status":"closed","sticky":false,"template":"","format":"standard","meta":{"footnotes":""},"categories":[33],"tags":[2291,167,939,2292,177,1480,2293,163,2294],"class_list":{"0":"post-15400","1":"post","2":"type-post","3":"status-publish","4":"format-standard","5":"has-post-thumbnail","7":"category-ubatuba","8":"tag-agogamento","9":"tag-cidades","10":"tag-gbmar","11":"tag-patrocinio","12":"tag-policia","13":"tag-praia","14":"tag-toninhas","15":"tag-ubatuba","16":"tag-ubatuba-turista"},"_links":{"self":[{"href":"https:\/\/diarioubatuba.com.br\/index.php?rest_route=\/wp\/v2\/posts\/15400","targetHints":{"allow":["GET"]}}],"collection":[{"href":"https:\/\/diarioubatuba.com.br\/index.php?rest_route=\/wp\/v2\/posts"}],"about":[{"href":"https:\/\/diarioubatuba.com.br\/index.php?rest_route=\/wp\/v2\/types\/post"}],"author":[{"embeddable":true,"href":"https:\/\/diarioubatuba.com.br\/index.php?rest_route=\/wp\/v2\/users\/1"}],"replies":[{"embeddable":true,"href":"https:\/\/diarioubatuba.com.br\/index.php?rest_route=%2Fwp%2Fv2%2Fcomments&post=15400"}],"version-history":[{"count":1,"href":"https:\/\/diarioubatuba.com.br\/index.php?rest_route=\/wp\/v2\/posts\/15400\/revisions"}],"predecessor-version":[{"id":15402,"href":"https:\/\/diarioubatuba.com.br\/index.php?rest_route=\/wp\/v2\/posts\/15400\/revisions\/15402"}],"wp:featuredmedia":[{"embeddable":true,"href":"https:\/\/diarioubatuba.com.br\/index.php?rest_route=\/wp\/v2\/media\/15401"}],"wp:attachment":[{"href":"https:\/\/diarioubatuba.com.br\/index.php?rest_route=%2Fwp%2Fv2%2Fmedia&parent=15400"}],"wp:term":[{"taxonomy":"category","embeddable":true,"href":"https:\/\/diarioubatuba.com.br\/index.php?rest_route=%2Fwp%2Fv2%2Fcategories&post=15400"},{"taxonomy":"post_tag","embeddable":true,"href":"https:\/\/diarioubatuba.com.br\/index.php?rest_route=%2Fwp%2Fv2%2Ftags&post=15400"}],"curies":[{"name":"wp","href":"https:\/\/api.w.org\/{rel}","templated":true}]}}