{"id":15392,"date":"2026-04-06T09:03:14","date_gmt":"2026-04-06T09:03:14","guid":{"rendered":"https:\/\/diarioubatuba.com.br\/?p=15392"},"modified":"2026-04-06T09:21:17","modified_gmt":"2026-04-06T09:21:17","slug":"homem-ao-auxiliar-criancas-e-arrastado-pela-correnteza-se-afoga-e-morre-na-praia-em-ubatuba","status":"publish","type":"post","link":"https:\/\/diarioubatuba.com.br\/?p=15392","title":{"rendered":"Homem ao auxiliar crian\u00e7as \u00e9 arrastado atrav\u00e9s da correnteza se afoga e morre na praia em Ubatuba"},"content":{"rendered":"<div id=\"header\">\n<p><span><picture><source media=\"(min-width: 1024px)\" ><source ><\/picture><\/span><span><\/span><\/p>\n<\/p><\/div>\n<div id=\"main-wrapper\">    \t\t<main id=\"main\">    \t\t      \t\t\t  \t\t\t \t \t \t \t\t\t\t\t \t\t\t \t \t\t\t \t  \t\t\t\t \t\t\t\t\t \t     \t\t \t<\/p>\n<div>\n<p>Por volta das 8h50, deste domingo (5), equipes do Grupamento de Bombeiros Mar\u00edtimo foram acionadas para atendimento de um afogamento em curso na Praia das Toninhas, no munic\u00edpio de Ubatuba, litoral norte de S\u00e3o Paulo. <\/p>\n<p>A ocorr\u00eancia envolveu uma v\u00edtima do sexo masculino, de 49 anos, que, segundo informa\u00e7\u00f5es de testemunhas, entrou no mar para auxiliar crian\u00e7as que apresentavam dificuldades para voltar \u00e0 faixa de areia, sendo subsequentemente arrastado atrav\u00e9s da correnteza. <\/p>\n<p>Tr\u00eas viaturas e um efetivo de seis bombeiros foram mobilizados, com tempo de resposta imediato. No local, as equipes constataram que a v\u00edtima se encontrava em estado grave (afogamento grau 6), sendo iniciados imediatamente os procedimentos de reanima\u00e7\u00e3o cardiopulmonar. Houve revers\u00e3o inicial do quadro, com posterior encaminhamento em unidade de suporte avan\u00e7ado. <\/p>\n<p>Durante o transporte, a v\u00edtima apresentou nova parada cardiorrespirat\u00f3ria, n\u00e3o sendo vi\u00e1vel sua revers\u00e3o. O \u00f3bito foi constatado atrav\u00e9s do m\u00e9dico do time de suporte avan\u00e7ado ainda durante o atendimento. A v\u00edtima era turista da Serra Negra, Patroc\u00ednio de Minas , do estado de Minas Gerais. <\/p>\n<p>A a\u00e7\u00e3o contou com apoio de equipes de resgate e atendimento pr\u00e9-hospitalar, al\u00e9m da coordena\u00e7\u00e3o do sistema operacional do Corpo de Bombeiros. <\/p>\n<p>O Grupamento de Bombeiros Mar\u00edtimo refor\u00e7a a necessidade de respeitar as orienta\u00e7\u00f5es de seguran\u00e7a nas praias, atentando-se \u00e0s condi\u00e7\u00f5es do mar e \u00e0 sinaliza\u00e7\u00e3o existente, impedindo situa\u00e7\u00f5es de risco, principalmente em regi\u00f5es com presen\u00e7a de correntes de retorno. <\/p>\n<p><em><strong>\u00a0Fonte: Grupamento de Bombeiros Mar\u00edtimo<\/strong><\/em> \t<\/p>\n<\/div>\n<nav>  \t\t\t  \t\t    \t\t  \t\t\t  \t\t\t  \t<\/nav>\n<p>\t\t  \t\t<\/main>    \t\t  \t\t\t\t\t  \t  \t<\/p>\n<div>\n<h3><\/h3>\n<\/p><\/div>\n<\/p><\/div>\n","protected":false},"excerpt":{"rendered":"<p>Por volta das 8h50, deste domingo (5), equipes do Grupamento de Bombeiros Mar\u00edtimo foram acionadas para atendimento de um afogamento em curso na Praia das Toninhas, no munic\u00edpio de Ubatuba, litoral norte de S\u00e3o Paulo. A ocorr\u00eancia envolveu uma v\u00edtima do sexo masculino, de 49 anos, que, segundo informa\u00e7\u00f5es de testemunhas, entrou no mar para<\/p>\n","protected":false},"author":1,"featured_media":15393,"comment_status":"closed","ping_status":"closed","sticky":false,"template":"","format":"standard","meta":{"footnotes":""},"categories":[33],"tags":[167,163],"class_list":{"0":"post-15392","1":"post","2":"type-post","3":"status-publish","4":"format-standard","5":"has-post-thumbnail","7":"category-ubatuba","8":"tag-cidades","9":"tag-ubatuba"},"_links":{"self":[{"href":"https:\/\/diarioubatuba.com.br\/index.php?rest_route=\/wp\/v2\/posts\/15392","targetHints":{"allow":["GET"]}}],"collection":[{"href":"https:\/\/diarioubatuba.com.br\/index.php?rest_route=\/wp\/v2\/posts"}],"about":[{"href":"https:\/\/diarioubatuba.com.br\/index.php?rest_route=\/wp\/v2\/types\/post"}],"author":[{"embeddable":true,"href":"https:\/\/diarioubatuba.com.br\/index.php?rest_route=\/wp\/v2\/users\/1"}],"replies":[{"embeddable":true,"href":"https:\/\/diarioubatuba.com.br\/index.php?rest_route=%2Fwp%2Fv2%2Fcomments&post=15392"}],"version-history":[{"count":1,"href":"https:\/\/diarioubatuba.com.br\/index.php?rest_route=\/wp\/v2\/posts\/15392\/revisions"}],"predecessor-version":[{"id":15394,"href":"https:\/\/diarioubatuba.com.br\/index.php?rest_route=\/wp\/v2\/posts\/15392\/revisions\/15394"}],"wp:featuredmedia":[{"embeddable":true,"href":"https:\/\/diarioubatuba.com.br\/index.php?rest_route=\/wp\/v2\/media\/15393"}],"wp:attachment":[{"href":"https:\/\/diarioubatuba.com.br\/index.php?rest_route=%2Fwp%2Fv2%2Fmedia&parent=15392"}],"wp:term":[{"taxonomy":"category","embeddable":true,"href":"https:\/\/diarioubatuba.com.br\/index.php?rest_route=%2Fwp%2Fv2%2Fcategories&post=15392"},{"taxonomy":"post_tag","embeddable":true,"href":"https:\/\/diarioubatuba.com.br\/index.php?rest_route=%2Fwp%2Fv2%2Ftags&post=15392"}],"curies":[{"name":"wp","href":"https:\/\/api.w.org\/{rel}","templated":true}]}}