{"id":15388,"date":"2026-04-05T19:50:24","date_gmt":"2026-04-05T19:50:24","guid":{"rendered":"https:\/\/diarioubatuba.com.br\/?p=15388"},"modified":"2026-04-05T19:56:06","modified_gmt":"2026-04-05T19:56:06","slug":"feriado-da-pascoa-altera-expediente-da-prefeitura-de-ubatuba","status":"publish","type":"post","link":"https:\/\/diarioubatuba.com.br\/?p=15388","title":{"rendered":"Feriado da P\u00e1scoa altera expediente da Prefeitura de Ubatuba"},"content":{"rendered":"<div> \t\t\t\t\t\t \t\t\t\t\t\t\t\t \t\t\t\t<meta itemprop=\"datePublished\" content=\"2026-04-01\"> \t\t\t\t<meta itemprop=\"dateModified\" content=\"2026-04-01\"> \t\t\t\t \t\t\t \t\t\t\t<\/p>\n<p>Feriado da P\u00e1scoa altera expediente da Prefeitura de Ubatuba<\/p>\n<p><span>Postado em <span>01\/04\/2026<\/span><\/span> \t\t\t\t\t\t\t\t\t\t\t\t\t\t<\/p>\n<figure itemscope>\n<\/figure>\n<div itemprop=\"articleBody\">\n<p><span>A Prefeitura Municipal de Ubatuba informa que o expediente nas reparti\u00e7\u00f5es p\u00fablicas municipais ser\u00e1 finalizado \u00e0s 17h desta quarta-feira, 01, em raz\u00e3o do feriado da P\u00e1scoa. O atendimento ao p\u00fablico ser\u00e1 retomado na segunda-feira,06, com in\u00edcio das 8h.<\/span><\/p>\n<p><span>O momento \u00e9 tido um dos principais para o turismo no primeiro semestre, com aumento na procura por destinos do pa\u00eds. Dados da Booking.com, divulgados atrav\u00e9s da CNN Brasil, indicam que no recorte por perfil de viajantes, Ubatuba aparece entre os destinos mais buscados por fam\u00edlias e continua como uma das escolhas recorrentes para viagens no momento.<\/span><\/p>\n<p><span>Baseado nas conversas com o trade tur\u00edstico e nos relatos dos setores envolvidos, a expectativa de movimento no munic\u00edpio \u00e9 positiva, acompanhando o cen\u00e1rio nacional de aumento na demanda por hospedagens durante o feriado.<\/span><\/p>\n<p><span>Com rela\u00e7\u00e3o \u00e0 meteorologia, a instabilidade atmosf\u00e9rica deve perder for\u00e7a gradualmente no decurso do feriado de P\u00e1scoa. Depois de um come\u00e7o de semana programado por chuvas intensas devido \u00e0 atua\u00e7\u00e3o de um cavado sobre o Sudeste, o cen\u00e1rio para o final de semana prolongado \u00e9 de melhora.<\/span><\/p>\n<p><span>Entre sexta-feira, 03, e domingo, 05, o deslocamento do sistema na dire\u00e7\u00e3o ao oceano permitir\u00e1 momentos de sol com c\u00e9u parcialmente nublado. No entanto, a Defesa Civil alerta que ainda podem ocorrer chuvas fracas, principalmente no momento da tarde. As temperaturas continuam amenas, com manh\u00e3s e noites mais frescas.<\/span><\/p>\n<p><span>Apesar da previs\u00e3o de aberturas de sol, a Defesa Civil aconselha aten\u00e7\u00e3o aos acumulados de precipita\u00e7\u00e3o dos dias anteriores e alerta para a possibilidade de neblina nos trechos de serra durante as manh\u00e3s, o que pode comprometer a visibilidade dos motoristas.<\/span><\/p>\n<p><strong><span>Unidades de Sa\u00fade<\/span><\/strong><\/p>\n<p><span>Todos os postos da Estrat\u00e9gia de Sa\u00fade da Fam\u00edlia (ESF) funcionam at\u00e9 \u00e0s 17 horas desta quarta-feira, 01, e reabrem normalmente na segunda-feira, 06, conforme o hor\u00e1rio de cada unidade.<\/span><\/p>\n<p><span>Permanecem abertos durante todo o momento do feriado o Pronto Atendimento da Maranduba, com funcionamento di\u00e1rio 24 horas; e a equipe do Pronto Atendimento do Ipiranguinha, que funciona diariamente das 7h \u00e0s 19h, na rua da Assembleia, 114.<\/span><\/p>\n<p><span>A unidade de Sa\u00fade Sentinela, que tem especializa\u00e7\u00e3o no atendimento a pacientes com suspeita de doen\u00e7as sazonais, como gripe, dengue e outras viroses e que funciona na UBS C\u00edcero Gomes, atende normalmente, das 8h \u00e0s 20h.<\/span><\/p>\n<p><span>A Santa Casa de Ubatuba tamb\u00e9m funciona com atendimento 24h. O endere\u00e7o \u00e9 rua Concei\u00e7\u00e3o, 135 \u2013 Centro.<\/span><\/p>\n<p><strong><span>Mercado de peixe<\/span><\/strong><\/p>\n<p><span>O Mercado de Peixes de Ubatuba continua com funcionamento normal durante a Semana Santa, momento de maior movimento no com\u00e9rcio de pescados. O atendimento ocorre de segunda a s\u00e1bado, das 7h \u00e0s 18h, e aos domingos, das 7h \u00e0s 14h. A sexta-feira tamb\u00e9m ter\u00e1 expediente normal.<\/span><\/p>\n<p><span>Saiba mais detalhes em: <\/span><u><span>https:\/\/www.ubatuba.sp.gov.br\/destaques\/mercadopeixe31mar\/<\/span><\/u><\/p>\n<p><strong><span>Balneabilidade das praias<\/span><\/strong><\/p>\n<p><span>D\u00ea uma olhada a balneabilidade das praias acessando o site da Cetesb: <\/span><u><span>http:\/\/s.ambiente.sp.gov.br\/html-praias\/boletim-semanal.html<\/span><\/u>.<\/p>\n<p><strong><span>Seguran\u00e7a dos banhistas nas praias<\/span><\/strong><\/p>\n<p><span>Respeite e siga as orienta\u00e7\u00f5es dos salva-vidas e placas de sinaliza\u00e7\u00e3o nas praias. A recomenda\u00e7\u00e3o \u00e9 que os turistas liguem previamente para o Gbmar e consultem qual o melhor local para banho, assim como as praias que est\u00e3o guarnecidas atrav\u00e9s do Corpo de Bombeiros atrav\u00e9s do telefone (12) 3833-5373.<\/span><\/p>\n<p><span>Ainda conforme com (Gbmar), \u00e9 muito importante observar o local antes de entrar no mar, conversar com um guarda-vidas e, tamb\u00e9m, ficar atento \u00e0s advert\u00eancias sonoras do profissional.<\/span><\/p>\n<p><span>Entre as principais recomenda\u00e7\u00f5es est\u00e3o: ficar atento ao mar e \u00e0s sinaliza\u00e7\u00f5es da praia; boias e objetivos flutuantes geram falsa sensa\u00e7\u00e3o de seguran\u00e7a e podem ocasionar afogamentos; \u00e1lcool e mar n\u00e3o combinam; cuidado redobrado com as crian\u00e7as na praia.<\/span><\/p>\n<p><strong><span>Dire\u00e7\u00e3o para visita a cachoeiras<\/span><\/strong><\/p>\n<p><span>Mantenha a aten\u00e7\u00e3o ao visitar cachoeiras, seguindo as diretrizes apresentadas neste link: <\/span><u><span>https:\/\/www.ubatuba.sp.gov.br\/destaques\/serguancacachoeiras\/<\/span><\/u><\/p>\n<p><strong><span>Taxa de Preserva\u00e7\u00e3o Ambiental<\/span><\/strong><\/p>\n<p><span>Saiba como efetuar o pagamento e mais detalhes em: https:\/\/www.ubatuba.sp.gov.br\/destaques\/tpa-2\/<\/span><\/p>\n<p><strong><span>Acompanhe a situa\u00e7\u00e3o do tr\u00e1fego atualizada nos seguintes canais<\/span><\/strong><\/p>\n<p><span>*Pista Oswaldo Cruz: DER \u2013 0800 055 55 10 \u2013 Atendimento gr\u00e1tis \u2013 24 horas ou pelas redes sociais: Twitter e Instagram \u2013 @_dersp;<\/span><\/p>\n<p><span>*Pista dos Tamoios \u2013 Concession\u00e1ria Tamoios atrav\u00e9s do site https:\/\/www.concessionariatamoios.com.br\/ ou redes sociais: @Tamoios099<\/span><\/p>\n<p><span>*Pista BR-101 (Rio-Santos), Segmento da Praia Grande (Ubatuba) em diante \u2013 CCR -RioSp pelos seguintes canais: Chatbot (WhatsApp): (11) 2795-2238; Disque CCR RioSP: 0800 017 3536; App CCR Pistas \u2013 CCR RioSP; Site: www.ccrriosp.com.br.<\/span><\/p>\n<\/p><\/div>\n<\/p><\/div>\n","protected":false},"excerpt":{"rendered":"<p>Feriado da P\u00e1scoa altera expediente da Prefeitura de Ubatuba Postado em 01\/04\/2026 A Prefeitura Municipal de Ubatuba informa que o expediente nas reparti\u00e7\u00f5es p\u00fablicas municipais ser\u00e1 finalizado \u00e0s 17h desta quarta-feira, 01, em raz\u00e3o do feriado da P\u00e1scoa. O atendimento ao p\u00fablico ser\u00e1 retomado na segunda-feira,06, com in\u00edcio das 8h. O momento \u00e9 tido um<\/p>\n","protected":false},"author":1,"featured_media":15389,"comment_status":"closed","ping_status":"closed","sticky":false,"template":"","format":"standard","meta":{"footnotes":""},"categories":[33],"tags":[163],"class_list":{"0":"post-15388","1":"post","2":"type-post","3":"status-publish","4":"format-standard","5":"has-post-thumbnail","7":"category-ubatuba","8":"tag-ubatuba"},"_links":{"self":[{"href":"https:\/\/diarioubatuba.com.br\/index.php?rest_route=\/wp\/v2\/posts\/15388","targetHints":{"allow":["GET"]}}],"collection":[{"href":"https:\/\/diarioubatuba.com.br\/index.php?rest_route=\/wp\/v2\/posts"}],"about":[{"href":"https:\/\/diarioubatuba.com.br\/index.php?rest_route=\/wp\/v2\/types\/post"}],"author":[{"embeddable":true,"href":"https:\/\/diarioubatuba.com.br\/index.php?rest_route=\/wp\/v2\/users\/1"}],"replies":[{"embeddable":true,"href":"https:\/\/diarioubatuba.com.br\/index.php?rest_route=%2Fwp%2Fv2%2Fcomments&post=15388"}],"version-history":[{"count":1,"href":"https:\/\/diarioubatuba.com.br\/index.php?rest_route=\/wp\/v2\/posts\/15388\/revisions"}],"predecessor-version":[{"id":15391,"href":"https:\/\/diarioubatuba.com.br\/index.php?rest_route=\/wp\/v2\/posts\/15388\/revisions\/15391"}],"wp:featuredmedia":[{"embeddable":true,"href":"https:\/\/diarioubatuba.com.br\/index.php?rest_route=\/wp\/v2\/media\/15389"}],"wp:attachment":[{"href":"https:\/\/diarioubatuba.com.br\/index.php?rest_route=%2Fwp%2Fv2%2Fmedia&parent=15388"}],"wp:term":[{"taxonomy":"category","embeddable":true,"href":"https:\/\/diarioubatuba.com.br\/index.php?rest_route=%2Fwp%2Fv2%2Fcategories&post=15388"},{"taxonomy":"post_tag","embeddable":true,"href":"https:\/\/diarioubatuba.com.br\/index.php?rest_route=%2Fwp%2Fv2%2Ftags&post=15388"}],"curies":[{"name":"wp","href":"https:\/\/api.w.org\/{rel}","templated":true}]}}