{"id":15376,"date":"2026-04-04T23:49:33","date_gmt":"2026-04-04T23:49:33","guid":{"rendered":"https:\/\/diarioubatuba.com.br\/?p=15376"},"modified":"2026-04-04T23:55:56","modified_gmt":"2026-04-04T23:55:56","slug":"apos-duas-decadas-prefeitura-de-ubatuba-e-elektro-fecham-acordo","status":"publish","type":"post","link":"https:\/\/diarioubatuba.com.br\/?p=15376","title":{"rendered":"Depois de duas d\u00e9cadas, Prefeitura de Ubatuba e Elektro fecham acordo"},"content":{"rendered":"<div> \t\t\t\t\t\t \t\t\t\t\t\t\t\t \t\t\t\t<meta itemprop=\"datePublished\" content=\"2026-04-01\"> \t\t\t\t<meta itemprop=\"dateModified\" content=\"2026-04-01\"> \t\t\t\t \t\t\t \t\t\t\t<\/p>\n<p>Depois de duas d\u00e9cadas, Prefeitura de Ubatuba e Elektro fecham acordo<\/p>\n<p><span>Postado em <span>01\/04\/2026<\/span><\/span> \t\t\t\t\t\t\t\t\t\t\t\t\t\t<\/p>\n<figure itemscope>\n<\/figure>\n<div itemprop=\"articleBody\">\n<p>A Prefeitura Municipal de Ubatuba e a Elektro Neoenergia chegaram a um acordo para encerrar uma disputa judicial iniciada em 2004 (A\u00e7\u00e3o Popular 0000702-24.2004.8.26.0642), relacionada \u00e0 desapropria\u00e7\u00e3o de um im\u00f3vel no munic\u00edpio. A solu\u00e7\u00e3o constru\u00edda entre as partes impede a devolu\u00e7\u00e3o da \u00e1rea e representa o desfecho de um processo que se arrastava existe mais de duas d\u00e9cadas.<\/p>\n<p>De acordo com a gest\u00e3o municipal, a a\u00e7\u00e3o questionava a desapropria\u00e7\u00e3o do im\u00f3vel, com alega\u00e7\u00e3o de irregularidades administrativas no processo. No decorrer da tramita\u00e7\u00e3o, houve decis\u00e3o determinando a anula\u00e7\u00e3o do procedimento, com a previs\u00e3o de devolu\u00e7\u00e3o do bem e restitui\u00e7\u00e3o dos valores pagos, devidamente corrigidos.<\/p>\n<p>Conforme a Prefeitura, no entanto, a \u00e1rea atualmente abriga servi\u00e7o p\u00fablico e n\u00e3o havia interesse da cidade em devolver o im\u00f3vel, assim como tamb\u00e9m n\u00e3o interessava \u00e0 concession\u00e1ria reassumir a posse da \u00e1rea. Diante desse cen\u00e1rio, foi constru\u00edda uma solu\u00e7\u00e3o consensual, depois de reuni\u00f5es envolvendo o Poder Judici\u00e1rio, o Minist\u00e9rio P\u00fablico e as partes envolvidas.<\/p>\n<p>Atrav\u00e9s do acordo firmado, a d\u00edvida atribu\u00edda \u00e0 Elektro Neoenergia foi quitada por interm\u00e9dio de da\u00e7\u00e3o em pagamento do im\u00f3vel, que foi aceita pela cidade. A escritura p\u00fablica j\u00e1 foi lavrada e o entendimento ser\u00e1 apresentado ao Judici\u00e1rio para homologa\u00e7\u00e3o.<\/p>\n<p>\u201cEstamos falando de um processo antigo, que se arrastava h\u00e1 muitos anos e exigia uma solu\u00e7\u00e3o segura para o munic\u00edpio. O acordo traz seguran\u00e7a jur\u00eddica, preserva um espa\u00e7o que j\u00e1 atende ao interesse p\u00fablico e evita novos custos e entraves para a administra\u00e7\u00e3o\u201d, ressaltou a prefeita de Ubatuba, Fl\u00e1via Pascoal.<\/p>\n<p>O secret\u00e1rio de Assuntos Jur\u00eddicos, \u00c1lvaro Marton Barbosa J\u00fanior, explicou que a alternativa avistada foi a mais adequada diante da complexidade do caso e dos impactos que uma eventual devolu\u00e7\u00e3o do im\u00f3vel poderia gerar. \u201cChegamos a um entendimento que atende ao interesse p\u00fablico e encerra uma demanda longa, que poderia trazer ainda mais dificuldades ao munic\u00edpio, seja pela necessidade de devolver o im\u00f3vel, seja pela possibilidade de um novo processo de desapropria\u00e7\u00e3o, com valores completamente distintos dos praticados \u00e0 \u00e9poca\u201d, afirmou.<\/p>\n<p>Ainda segundo a Prefeitura, o acordo impede a reabertura de um procedimento administrativo complicado, al\u00e9m de afastar incertezas relacionadas \u00e0 atualiza\u00e7\u00e3o monet\u00e1ria dos valores discutidos no processo, j\u00e1 que, depois de 22 anos, o cen\u00e1rio econ\u00f4mico e patrimonial \u00e9 inteiramente diferente daquele existente no come\u00e7o da a\u00e7\u00e3o.<\/p>\n<\/p><\/div>\n<\/p><\/div>\n","protected":false},"excerpt":{"rendered":"<p>Depois de duas d\u00e9cadas, Prefeitura de Ubatuba e Elektro fecham acordo Postado em 01\/04\/2026 A Prefeitura Municipal de Ubatuba e a Elektro Neoenergia chegaram a um acordo para encerrar uma disputa judicial iniciada em 2004 (A\u00e7\u00e3o Popular 0000702-24.2004.8.26.0642), relacionada \u00e0 desapropria\u00e7\u00e3o de um im\u00f3vel no munic\u00edpio. A solu\u00e7\u00e3o constru\u00edda entre as partes impede a devolu\u00e7\u00e3o<\/p>\n","protected":false},"author":1,"featured_media":15377,"comment_status":"closed","ping_status":"closed","sticky":false,"template":"","format":"standard","meta":{"footnotes":""},"categories":[33],"tags":[163],"class_list":{"0":"post-15376","1":"post","2":"type-post","3":"status-publish","4":"format-standard","5":"has-post-thumbnail","7":"category-ubatuba","8":"tag-ubatuba"},"_links":{"self":[{"href":"https:\/\/diarioubatuba.com.br\/index.php?rest_route=\/wp\/v2\/posts\/15376","targetHints":{"allow":["GET"]}}],"collection":[{"href":"https:\/\/diarioubatuba.com.br\/index.php?rest_route=\/wp\/v2\/posts"}],"about":[{"href":"https:\/\/diarioubatuba.com.br\/index.php?rest_route=\/wp\/v2\/types\/post"}],"author":[{"embeddable":true,"href":"https:\/\/diarioubatuba.com.br\/index.php?rest_route=\/wp\/v2\/users\/1"}],"replies":[{"embeddable":true,"href":"https:\/\/diarioubatuba.com.br\/index.php?rest_route=%2Fwp%2Fv2%2Fcomments&post=15376"}],"version-history":[{"count":1,"href":"https:\/\/diarioubatuba.com.br\/index.php?rest_route=\/wp\/v2\/posts\/15376\/revisions"}],"predecessor-version":[{"id":15378,"href":"https:\/\/diarioubatuba.com.br\/index.php?rest_route=\/wp\/v2\/posts\/15376\/revisions\/15378"}],"wp:featuredmedia":[{"embeddable":true,"href":"https:\/\/diarioubatuba.com.br\/index.php?rest_route=\/wp\/v2\/media\/15377"}],"wp:attachment":[{"href":"https:\/\/diarioubatuba.com.br\/index.php?rest_route=%2Fwp%2Fv2%2Fmedia&parent=15376"}],"wp:term":[{"taxonomy":"category","embeddable":true,"href":"https:\/\/diarioubatuba.com.br\/index.php?rest_route=%2Fwp%2Fv2%2Fcategories&post=15376"},{"taxonomy":"post_tag","embeddable":true,"href":"https:\/\/diarioubatuba.com.br\/index.php?rest_route=%2Fwp%2Fv2%2Ftags&post=15376"}],"curies":[{"name":"wp","href":"https:\/\/api.w.org\/{rel}","templated":true}]}}