{"id":15372,"date":"2026-04-04T18:54:54","date_gmt":"2026-04-04T18:54:54","guid":{"rendered":"https:\/\/diarioubatuba.com.br\/?p=15372"},"modified":"2026-04-04T19:02:30","modified_gmt":"2026-04-04T19:02:30","slug":"policia-militar-prende-tres-criminosos-por-roubo-e-posse-ilegal-de-arma-em-ubatuba","status":"publish","type":"post","link":"https:\/\/diarioubatuba.com.br\/?p=15372","title":{"rendered":"Pol\u00edcia Militar prende tr\u00eas bandidos por roubo e posse ilegal de arma em Ubatuba"},"content":{"rendered":"<div>\n<div>\n<\/p><\/div>\n<p> <i>Postado em: 29\/03\/2026<\/i><\/p>\n<p>A Pol\u00edcia Militar prendeu, na sexta-feira (27\/3),\u00a0tr\u00eas bandidos por roubo e posse ilegal de arma em Ubatuba no bairro Praia Grande, em Ubatuba. A ocorr\u00eancia iniciou depois de den\u00fancia de roubo. No local, em contato com as v\u00edtimas, os policiais foram informados de que um dos autores havia deixado cair um aparelho celular durante a fuga.<\/p>\n<p>Ao verificarem o dispositivo\u00a0foi vi\u00e1vel reconhecer um dos suspeitos por interm\u00e9dio da imagem exibida na tela. Baseado nas informa\u00e7\u00f5es, as equipes iniciaram ronda nas imedia\u00e7\u00f5es e localizaram tr\u00eas pessoas em via p\u00fablica. Ao perceberem a presen\u00e7a policial, os suspeitos tentaram fugir em dire\u00e7\u00f5es distintas, mas foram seguidos e detidos.<\/p>\n<p>Durante a abordagem, os policiais localizaram com um dos bandidos um rev\u00f3lver calibre .32, sem muni\u00e7\u00e3o. Tamb\u00e9m foram recuperados objetos subtra\u00eddos das v\u00edtimas, incluindo celulares, rel\u00f3gio e correntes, al\u00e9m de um ve\u00edculo Ford Fiesta usado na a\u00e7\u00e3o.<\/p>\n<p>As v\u00edtimas reconheceram os tr\u00eas pessoas como autores do crime. Os bandidos foram conduzidos \u00e0 Delegacia de Pol\u00edcia de Ubatuba, onde permaneceram \u00e0 disposi\u00e7\u00e3o da justi\u00e7a.<\/p>\n<p><span><b><\/b><\/span><\/p>\n<hr><\/div>\n<p><i>Com informa\u00e7\u00f5es de RadarLitoral<\/i><\/p>\n","protected":false},"excerpt":{"rendered":"<p>Postado em: 29\/03\/2026 A Pol\u00edcia Militar prendeu, na sexta-feira (27\/3),\u00a0tr\u00eas bandidos por roubo e posse ilegal de arma em Ubatuba no bairro Praia Grande, em Ubatuba. A ocorr\u00eancia iniciou depois de den\u00fancia de roubo. No local, em contato com as v\u00edtimas, os policiais foram informados de que um dos autores havia deixado cair um aparelho<\/p>\n","protected":false},"author":1,"featured_media":15373,"comment_status":"closed","ping_status":"closed","sticky":false,"template":"","format":"standard","meta":{"footnotes":""},"categories":[33],"tags":[163],"class_list":{"0":"post-15372","1":"post","2":"type-post","3":"status-publish","4":"format-standard","5":"has-post-thumbnail","7":"category-ubatuba","8":"tag-ubatuba"},"_links":{"self":[{"href":"https:\/\/diarioubatuba.com.br\/index.php?rest_route=\/wp\/v2\/posts\/15372","targetHints":{"allow":["GET"]}}],"collection":[{"href":"https:\/\/diarioubatuba.com.br\/index.php?rest_route=\/wp\/v2\/posts"}],"about":[{"href":"https:\/\/diarioubatuba.com.br\/index.php?rest_route=\/wp\/v2\/types\/post"}],"author":[{"embeddable":true,"href":"https:\/\/diarioubatuba.com.br\/index.php?rest_route=\/wp\/v2\/users\/1"}],"replies":[{"embeddable":true,"href":"https:\/\/diarioubatuba.com.br\/index.php?rest_route=%2Fwp%2Fv2%2Fcomments&post=15372"}],"version-history":[{"count":1,"href":"https:\/\/diarioubatuba.com.br\/index.php?rest_route=\/wp\/v2\/posts\/15372\/revisions"}],"predecessor-version":[{"id":15375,"href":"https:\/\/diarioubatuba.com.br\/index.php?rest_route=\/wp\/v2\/posts\/15372\/revisions\/15375"}],"wp:featuredmedia":[{"embeddable":true,"href":"https:\/\/diarioubatuba.com.br\/index.php?rest_route=\/wp\/v2\/media\/15373"}],"wp:attachment":[{"href":"https:\/\/diarioubatuba.com.br\/index.php?rest_route=%2Fwp%2Fv2%2Fmedia&parent=15372"}],"wp:term":[{"taxonomy":"category","embeddable":true,"href":"https:\/\/diarioubatuba.com.br\/index.php?rest_route=%2Fwp%2Fv2%2Fcategories&post=15372"},{"taxonomy":"post_tag","embeddable":true,"href":"https:\/\/diarioubatuba.com.br\/index.php?rest_route=%2Fwp%2Fv2%2Ftags&post=15372"}],"curies":[{"name":"wp","href":"https:\/\/api.w.org\/{rel}","templated":true}]}}