{"id":15363,"date":"2026-04-04T02:55:07","date_gmt":"2026-04-04T02:55:07","guid":{"rendered":"https:\/\/diarioubatuba.com.br\/?p=15363"},"modified":"2026-04-04T02:55:50","modified_gmt":"2026-04-04T02:55:50","slug":"gcm-de-ubatuba-atende-ocorrencias-e-reforca-fiscalizacao","status":"publish","type":"post","link":"https:\/\/diarioubatuba.com.br\/?p=15363","title":{"rendered":"GCM de Ubatuba atende ocorr\u00eancias e refor\u00e7a fiscaliza\u00e7\u00e3o"},"content":{"rendered":"<div> \t\t\t\t\t\t \t\t\t\t\t\t\t\t \t\t\t\t<meta itemprop=\"datePublished\" content=\"2026-04-01\"> \t\t\t\t<meta itemprop=\"dateModified\" content=\"2026-04-01\"> \t\t\t\t \t\t\t \t\t\t\t<\/p>\n<p>GCM de Ubatuba  atende ocorr\u00eancias e refor\u00e7a fiscaliza\u00e7\u00e3o<\/p>\n<p><span>Postado em <span>01\/04\/2026<\/span><\/span> \t\t\t\t\t\t\t\t\t\t\t\t\t\t<\/p>\n<figure itemscope>\n<\/figure>\n<div itemprop=\"articleBody\">\n<p><span>Na manh\u00e3 desta ter\u00e7a-feira, 1\u00ba, a Guarda Civil Municipal de Ubatuba (GCM) realizou v\u00e1rios atendimentos simult\u00e2neos em diferentes regi\u00f5es da cidade. Entre as ocorr\u00eancias registradas, equipes foram acionadas para averiguar a situa\u00e7\u00e3o de um sujeito avistado ca\u00eddo em via p\u00fablica na \u00e1rea central. No local, os agentes prestaram o primeiro atendimento e acionaram o Servi\u00e7o de Atendimento M\u00f3vel de Urg\u00eancia (SAMU), que constatou o \u00f3bito. A ocorr\u00eancia foi auxiliada pelos \u00f3rg\u00e3os competentes, com acionamento da Pol\u00edcia Civil e realiza\u00e7\u00e3o dos procedimentos periciais.<\/span><\/p>\n<p><span>Paralelamente, a corpora\u00e7\u00e3o tamb\u00e9m atuou no apoio \u00e0s a\u00e7\u00f5es com a equipe de fiscaliza\u00e7\u00e3o de com\u00e9rcio em estabelecimentos na \u00e1rea da popula\u00e7\u00e3o do Parque Guarani, contribuindo para a verifica\u00e7\u00e3o de den\u00fancias e o cumprimento das normas vigentes.<\/span><\/p>\n<p><span>\u201cAs a\u00e7\u00f5es integram a rotina operacional da Guarda Civil Municipal, que mant\u00e9m equipes em patrulhamento e prontid\u00e3o para atendimento de ocorr\u00eancias, al\u00e9m de prestar suporte a outras frentes de fiscaliza\u00e7\u00e3o no munic\u00edpio, refor\u00e7ando a presen\u00e7a institucional e o atendimento \u00e0 popula\u00e7\u00e3o\u201d, afirmou o comandante da GCM, Rog\u00e9rio Ramos dos Santos.<\/span><\/p>\n<\/p><\/div>\n<\/p><\/div>\n","protected":false},"excerpt":{"rendered":"<p>GCM de Ubatuba atende ocorr\u00eancias e refor\u00e7a fiscaliza\u00e7\u00e3o Postado em 01\/04\/2026 Na manh\u00e3 desta ter\u00e7a-feira, 1\u00ba, a Guarda Civil Municipal de Ubatuba (GCM) realizou v\u00e1rios atendimentos simult\u00e2neos em diferentes regi\u00f5es da cidade. Entre as ocorr\u00eancias registradas, equipes foram acionadas para averiguar a situa\u00e7\u00e3o de um sujeito avistado ca\u00eddo em via p\u00fablica na \u00e1rea central. No<\/p>\n","protected":false},"author":1,"featured_media":15364,"comment_status":"closed","ping_status":"closed","sticky":false,"template":"","format":"standard","meta":{"footnotes":""},"categories":[33],"tags":[163],"class_list":{"0":"post-15363","1":"post","2":"type-post","3":"status-publish","4":"format-standard","5":"has-post-thumbnail","7":"category-ubatuba","8":"tag-ubatuba"},"_links":{"self":[{"href":"https:\/\/diarioubatuba.com.br\/index.php?rest_route=\/wp\/v2\/posts\/15363","targetHints":{"allow":["GET"]}}],"collection":[{"href":"https:\/\/diarioubatuba.com.br\/index.php?rest_route=\/wp\/v2\/posts"}],"about":[{"href":"https:\/\/diarioubatuba.com.br\/index.php?rest_route=\/wp\/v2\/types\/post"}],"author":[{"embeddable":true,"href":"https:\/\/diarioubatuba.com.br\/index.php?rest_route=\/wp\/v2\/users\/1"}],"replies":[{"embeddable":true,"href":"https:\/\/diarioubatuba.com.br\/index.php?rest_route=%2Fwp%2Fv2%2Fcomments&post=15363"}],"version-history":[{"count":1,"href":"https:\/\/diarioubatuba.com.br\/index.php?rest_route=\/wp\/v2\/posts\/15363\/revisions"}],"predecessor-version":[{"id":15365,"href":"https:\/\/diarioubatuba.com.br\/index.php?rest_route=\/wp\/v2\/posts\/15363\/revisions\/15365"}],"wp:featuredmedia":[{"embeddable":true,"href":"https:\/\/diarioubatuba.com.br\/index.php?rest_route=\/wp\/v2\/media\/15364"}],"wp:attachment":[{"href":"https:\/\/diarioubatuba.com.br\/index.php?rest_route=%2Fwp%2Fv2%2Fmedia&parent=15363"}],"wp:term":[{"taxonomy":"category","embeddable":true,"href":"https:\/\/diarioubatuba.com.br\/index.php?rest_route=%2Fwp%2Fv2%2Fcategories&post=15363"},{"taxonomy":"post_tag","embeddable":true,"href":"https:\/\/diarioubatuba.com.br\/index.php?rest_route=%2Fwp%2Fv2%2Ftags&post=15363"}],"curies":[{"name":"wp","href":"https:\/\/api.w.org\/{rel}","templated":true}]}}