{"id":15354,"date":"2026-04-03T18:34:34","date_gmt":"2026-04-03T18:34:34","guid":{"rendered":"https:\/\/diarioubatuba.com.br\/?p=15354"},"modified":"2026-04-03T18:47:23","modified_gmt":"2026-04-03T18:47:23","slug":"acao-distribui-livros-de-colorir-gratuitamente-para-criancas","status":"publish","type":"post","link":"https:\/\/diarioubatuba.com.br\/?p=15354","title":{"rendered":"A\u00e7\u00e3o distribui livros de colorir gratuitamente para crian\u00e7as"},"content":{"rendered":"<\/p>\n<p>A iniciativa promovida atrav\u00e9s da fabrica.ong.br disponibiliza cadernos de colorir com ilustra\u00e7\u00f5es b\u00edblicas para <strong>desenvolver criatividade, educa\u00e7\u00e3o e momentos em fam\u00edlia.<\/strong><\/p>\n<p>Em clima de solidariedade e criatividade, crian\u00e7as de todo Estado de S\u00e3o Paulo, ser\u00e3o presenteadas com exemplares do <strong>Bruno Goods<\/strong> \u2014 uma vers\u00e3o inovadora dos tradicionais cadernos de colorir, que se tornou febre entre crian\u00e7as e adultos por sua proposta l\u00fadica, educativa e afetiva.<\/p>\n<p>A a\u00e7\u00e3o \u00e9 promovida atrav\u00e9s da <strong>Associa\u00e7\u00e3o F\u00e1brica de Sa\u00fade<\/strong>, Esporte e Cultura, criada e mantida atrav\u00e9s do empres\u00e1rio Bruno Wellington, com foco em iniciativas sociais nas regi\u00f5es de sa\u00fade, esporte e cultura. A distribui\u00e7\u00e3o ocorre de forma gratuita atrav\u00e9s do envio pelos correios, ampliando o acesso ao material e levando uma mensagem de f\u00e9, esperan\u00e7a e uni\u00e3o para milhares de fam\u00edlias.<\/p>\n<p>Com p\u00e1ginas ilustradas que retratam hist\u00f3rias e passagens b\u00edblicas sobre o nascimento e a vida de Jesus, o caderno re\u00fane atividades criativas, mensagens inspiradoras e valores crist\u00e3os.<br \/>\n\u201cO Bruno Goods nasceu para despertar o interesse das crian\u00e7as atrav\u00e9s da leitura, mas tamb\u00e9m para criar momentos de conex\u00e3o e divers\u00e3o em fam\u00edlia. Ver esse material chegando a tantas cidades do nosso estado, \u00e9 motivo de muita alegria, afirma Bruno Wellington, idealizador do projeto.<\/p>\n<p>O livreto pode ser solicitado gratuitamente diretamente atrav\u00e9s do site https:\/\/fabrica.ong.br, com entrega sem qualquer custo.<\/p>\n<p><strong>Sobre a F\u00e1brica de Sa\u00fade, Esporte e Cultura<\/strong><br \/>\nCriada em 2007, a Associa\u00e7\u00e3o F\u00e1brica de Sa\u00fade, Esporte e Cultura \u00e9 uma planejamento sem fins lucrativos que promove inclus\u00e3o e transforma\u00e7\u00e3o social atrav\u00e9s de projetos nas regi\u00f5es de sa\u00fade, cultura, assist\u00eancia social e esporte. Com impacto em mais de 200 mil pessoas em todo o pa\u00eds, a entidade age alinhada aos Objetivos de Desenvolvimento Sustent\u00e1vel da ONU.<br \/>\n<strong>Outras informa\u00e7\u00f5es:<\/strong> www.fabrica.ong.br<br \/>\n<strong>Redes sociais:<\/strong> @fabrica.ong.br<\/p>\n","protected":false},"excerpt":{"rendered":"<p>A iniciativa promovida atrav\u00e9s da fabrica.ong.br disponibiliza cadernos de colorir com ilustra\u00e7\u00f5es b\u00edblicas para desenvolver criatividade, educa\u00e7\u00e3o e momentos em fam\u00edlia. Em clima de solidariedade e criatividade, crian\u00e7as de todo Estado de S\u00e3o Paulo, ser\u00e3o presenteadas com exemplares do Bruno Goods \u2014 uma vers\u00e3o inovadora dos tradicionais cadernos de colorir, que se tornou febre entre<\/p>\n","protected":false},"author":1,"featured_media":15355,"comment_status":"closed","ping_status":"closed","sticky":false,"template":"","format":"standard","meta":{"footnotes":""},"categories":[36,33],"tags":[2287,2288,2289,114],"class_list":{"0":"post-15354","1":"post","2":"type-post","3":"status-publish","4":"format-standard","5":"has-post-thumbnail","7":"category-rede","8":"category-ubatuba","9":"tag-bruno-goods","10":"tag-bruno-wellingron","11":"tag-fabrica-de-saude","12":"tag-rede"},"_links":{"self":[{"href":"https:\/\/diarioubatuba.com.br\/index.php?rest_route=\/wp\/v2\/posts\/15354","targetHints":{"allow":["GET"]}}],"collection":[{"href":"https:\/\/diarioubatuba.com.br\/index.php?rest_route=\/wp\/v2\/posts"}],"about":[{"href":"https:\/\/diarioubatuba.com.br\/index.php?rest_route=\/wp\/v2\/types\/post"}],"author":[{"embeddable":true,"href":"https:\/\/diarioubatuba.com.br\/index.php?rest_route=\/wp\/v2\/users\/1"}],"replies":[{"embeddable":true,"href":"https:\/\/diarioubatuba.com.br\/index.php?rest_route=%2Fwp%2Fv2%2Fcomments&post=15354"}],"version-history":[{"count":1,"href":"https:\/\/diarioubatuba.com.br\/index.php?rest_route=\/wp\/v2\/posts\/15354\/revisions"}],"predecessor-version":[{"id":15356,"href":"https:\/\/diarioubatuba.com.br\/index.php?rest_route=\/wp\/v2\/posts\/15354\/revisions\/15356"}],"wp:featuredmedia":[{"embeddable":true,"href":"https:\/\/diarioubatuba.com.br\/index.php?rest_route=\/wp\/v2\/media\/15355"}],"wp:attachment":[{"href":"https:\/\/diarioubatuba.com.br\/index.php?rest_route=%2Fwp%2Fv2%2Fmedia&parent=15354"}],"wp:term":[{"taxonomy":"category","embeddable":true,"href":"https:\/\/diarioubatuba.com.br\/index.php?rest_route=%2Fwp%2Fv2%2Fcategories&post=15354"},{"taxonomy":"post_tag","embeddable":true,"href":"https:\/\/diarioubatuba.com.br\/index.php?rest_route=%2Fwp%2Fv2%2Ftags&post=15354"}],"curies":[{"name":"wp","href":"https:\/\/api.w.org\/{rel}","templated":true}]}}