{"id":15333,"date":"2026-04-02T17:52:34","date_gmt":"2026-04-08T21:29:57","guid":{"rendered":"https:\/\/diarioubatuba.com.br\/?p=15333"},"modified":"2026-04-08T21:29:58","modified_gmt":"2026-04-08T21:29:58","slug":"litoral-norte-inicia-construcao-de-plano-regional-de-turismo","status":"publish","type":"post","link":"https:\/\/diarioubatuba.com.br\/?p=15333","title":{"rendered":"Litoral Norte inicia constru\u00e7\u00e3o de plano regional de turismo"},"content":{"rendered":"<div>\n<p>A pedido do Minist\u00e9rio do Turismo, representantes das cidades do Litoral Norte paulista deram in\u00edcio \u00e0 elabora\u00e7\u00e3o de um plano regional para o setor. A reuni\u00e3o ocorreu na \u00faltima semana, em S\u00e3o Sebasti\u00e3o, e contou com a participa\u00e7\u00e3o da Secretaria de Turismo de Ubatuba e gestores de outros munic\u00edpios da regi\u00e3o.<\/p>\n<p>Tamb\u00e9m participaram do encontro representantes de Bertioga, Caraguatatuba, Ilhabela e da pr\u00f3pria cidade anfitri\u00e3. O objetivo foi iniciar a defini\u00e7\u00e3o de diretrizes para um planejamento conjunto, alinhado \u00e0s pol\u00edticas federais de regionaliza\u00e7\u00e3o do turismo.<\/p>\n<p>Entre os principais pontos discutidos est\u00e3o a integra\u00e7\u00e3o de roteiros tur\u00edsticos, a organiza\u00e7\u00e3o compartilhada da oferta regional e a cria\u00e7\u00e3o de estrat\u00e9gias conjuntas de promo\u00e7\u00e3o. A proposta inclui ainda o desenvolvimento de um plano de marketing integrado e a possibilidade de constru\u00e7\u00e3o de uma identidade visual que represente o Litoral Norte como um destino unificado.<\/p>\n<p>Segundo a prefeitura, a iniciativa segue diretrizes do programa federal de regionaliza\u00e7\u00e3o, que estimula a coopera\u00e7\u00e3o entre munic\u00edpios vizinhos para fortalecer a gest\u00e3o do turismo e ampliar a competitividade dos destinos. A atua\u00e7\u00e3o conjunta tamb\u00e9m pode facilitar o acesso a recursos e programas de fomento, al\u00e9m de contribuir para uma melhor distribui\u00e7\u00e3o do fluxo de visitantes entre as cidades.<\/p>\n<p>Modelos semelhantes j\u00e1 s\u00e3o adotados em outras regi\u00f5es do pa\u00eds, como a Costa Verde, no Rio de Janeiro, e a Regi\u00e3o das Hort\u00eansias, no Rio Grande do Sul, onde o planejamento integrado ajudou a estruturar roteiros compartilhados e impulsionar o turismo local.<\/p>\n<p>A constru\u00e7\u00e3o do plano regional deve avan\u00e7ar nas pr\u00f3ximas etapas com novos encontros entre os munic\u00edpios, consolidando propostas e definindo a\u00e7\u00f5es pr\u00e1ticas para o desenvolvimento do setor no Litoral Norte paulista.<\/p>\n<\/p><\/div>\n<p><i>Com informa\u00e7\u00f5es de R\u00e1dio Costa Azul FM<\/i><\/p>\n","protected":false},"excerpt":{"rendered":"<p>A pedido do Minist\u00e9rio do Turismo, representantes das cidades do Litoral Norte paulista deram in\u00edcio \u00e0 elabora\u00e7\u00e3o de um plano regional para o setor. A reuni\u00e3o ocorreu na \u00faltima semana, em S\u00e3o Sebasti\u00e3o, e contou com a participa\u00e7\u00e3o da Secretaria de Turismo de Ubatuba e gestores de outros munic\u00edpios da regi\u00e3o. Tamb\u00e9m participaram do encontro<\/p>\n","protected":false},"author":1,"featured_media":15454,"comment_status":"closed","ping_status":"closed","sticky":false,"template":"","format":"standard","meta":{"footnotes":""},"categories":[33],"tags":[163],"class_list":{"0":"post-15333","1":"post","2":"type-post","3":"status-publish","4":"format-standard","5":"has-post-thumbnail","7":"category-ubatuba","8":"tag-ubatuba"},"_links":{"self":[{"href":"https:\/\/diarioubatuba.com.br\/index.php?rest_route=\/wp\/v2\/posts\/15333","targetHints":{"allow":["GET"]}}],"collection":[{"href":"https:\/\/diarioubatuba.com.br\/index.php?rest_route=\/wp\/v2\/posts"}],"about":[{"href":"https:\/\/diarioubatuba.com.br\/index.php?rest_route=\/wp\/v2\/types\/post"}],"author":[{"embeddable":true,"href":"https:\/\/diarioubatuba.com.br\/index.php?rest_route=\/wp\/v2\/users\/1"}],"replies":[{"embeddable":true,"href":"https:\/\/diarioubatuba.com.br\/index.php?rest_route=%2Fwp%2Fv2%2Fcomments&post=15333"}],"version-history":[{"count":2,"href":"https:\/\/diarioubatuba.com.br\/index.php?rest_route=\/wp\/v2\/posts\/15333\/revisions"}],"predecessor-version":[{"id":15351,"href":"https:\/\/diarioubatuba.com.br\/index.php?rest_route=\/wp\/v2\/posts\/15333\/revisions\/15351"}],"wp:featuredmedia":[{"embeddable":true,"href":"https:\/\/diarioubatuba.com.br\/index.php?rest_route=\/wp\/v2\/media\/15454"}],"wp:attachment":[{"href":"https:\/\/diarioubatuba.com.br\/index.php?rest_route=%2Fwp%2Fv2%2Fmedia&parent=15333"}],"wp:term":[{"taxonomy":"category","embeddable":true,"href":"https:\/\/diarioubatuba.com.br\/index.php?rest_route=%2Fwp%2Fv2%2Fcategories&post=15333"},{"taxonomy":"post_tag","embeddable":true,"href":"https:\/\/diarioubatuba.com.br\/index.php?rest_route=%2Fwp%2Fv2%2Ftags&post=15333"}],"curies":[{"name":"wp","href":"https:\/\/api.w.org\/{rel}","templated":true}]}}