{"id":15328,"date":"2026-04-02T13:55:36","date_gmt":"2026-04-02T13:55:36","guid":{"rendered":"https:\/\/diarioubatuba.com.br\/?p=15328"},"modified":"2026-04-02T14:07:47","modified_gmt":"2026-04-02T14:07:47","slug":"policia-militar-prende-criminoso-por-roubos-de-celulares-em-ubatuba","status":"publish","type":"post","link":"https:\/\/diarioubatuba.com.br\/?p=15328","title":{"rendered":"Pol\u00edcia Militar prende bandido por roubos de celulares em Ubatuba"},"content":{"rendered":"<div id=\"header\">\n<p><span><picture><source media=\"(min-width: 1024px)\" ><source ><\/picture><\/span><span><\/span><\/p>\n<\/p><\/div>\n<div id=\"main-wrapper\">    \t\t<main id=\"main\">    \t\t      \t\t\t  \t\t\t \t \t \t \t\t\t\t\t \t\t\t \t \t\t\t \t  \t\t\t\t \t\t\t\t\t \t     \t\t \t<\/p>\n<div>\n<p>Na noite de segunda-feira (30),\u00a0 a Pol\u00edcia Militar prendeu um bandido respons\u00e1vel por roubos de aparelhos celulares na orla da Praia do Perequ\u00ea-A\u00e7u, em Ubatuba. <\/p>\n<p>Durante ronda atrav\u00e9s do bairro Ipiranguinha, a equipe foi acionada via COPOM para atendimento de ocorr\u00eancia de roubo. A v\u00edtima informou que conseguia rastrear a localiza\u00e7\u00e3o do aparelho subtra\u00eddo, demonstrando o mesmo bairro. Em seguida, os policiais fizeram contato com o solicitante, que forneceu as caracter\u00edsticas do marginal, assim como relatou que o crime foi cometido mediante grave amea\u00e7a com uso de arma, possivelmente um simulacro. <\/p>\n<p>Baseado nas informa\u00e7\u00f5es, a equipe aumentou o ronda e localizou um pessoa com as mesmas caracter\u00edsticas, transitando em uma bicicleta preta. Ao notar a presen\u00e7a policial, o bandido tentou fugir, sendo sem tardar abordado. <\/p>\n<p>Durante a busca pessoal, foi localizado um aparelho celular do tipo iPhone, cuja proced\u00eancia n\u00e3o foi comprovada atrav\u00e9s do abordado. Analizando a situa\u00e7\u00e3o, as v\u00edtimas foram conduzidas para reconhecimento, apontando o bandido de forma segura e sem questionamentos como autor do roubo. Outras v\u00edtimas tamb\u00e9m compareceram e reconheceram o marginal como respons\u00e1vel por a\u00e7\u00f5es semelhantes. <\/p>\n<p>A r\u00e1pida atua\u00e7\u00e3o da Pol\u00edcia Militar resultou na pris\u00e3o do bandido e na recupera\u00e7\u00e3o de aparelhos subtra\u00eddos, refor\u00e7ando o comprometimento com a seguran\u00e7a dos cidad\u00e3os. <\/p>\n<p>O bandido permaneceu apreendido \u00e0 disposi\u00e7\u00e3o da Justi\u00e7a. <\/p>\n<p><em><strong>Fonte: Pol\u00edcia Militar de SP<\/strong><\/em> \t<\/p>\n<\/div>\n<nav>  \t\t\t  \t\t    \t\t  \t\t\t  \t\t\t  \t<\/nav>\n<p>\t\t  \t\t<\/main>    \t\t  \t\t\t\t\t  \t  \t<\/p>\n<div>\n<h3><\/h3>\n<\/p><\/div>\n<\/p><\/div>\n","protected":false},"excerpt":{"rendered":"<p>Na noite de segunda-feira (30),\u00a0 a Pol\u00edcia Militar prendeu um bandido respons\u00e1vel por roubos de aparelhos celulares na orla da Praia do Perequ\u00ea-A\u00e7u, em Ubatuba. Durante ronda atrav\u00e9s do bairro Ipiranguinha, a equipe foi acionada via COPOM para atendimento de ocorr\u00eancia de roubo. A v\u00edtima informou que conseguia rastrear a localiza\u00e7\u00e3o do aparelho subtra\u00eddo, demonstrando<\/p>\n","protected":false},"author":1,"featured_media":15329,"comment_status":"closed","ping_status":"closed","sticky":false,"template":"","format":"standard","meta":{"footnotes":""},"categories":[33],"tags":[167,163],"class_list":{"0":"post-15328","1":"post","2":"type-post","3":"status-publish","4":"format-standard","5":"has-post-thumbnail","7":"category-ubatuba","8":"tag-cidades","9":"tag-ubatuba"},"_links":{"self":[{"href":"https:\/\/diarioubatuba.com.br\/index.php?rest_route=\/wp\/v2\/posts\/15328","targetHints":{"allow":["GET"]}}],"collection":[{"href":"https:\/\/diarioubatuba.com.br\/index.php?rest_route=\/wp\/v2\/posts"}],"about":[{"href":"https:\/\/diarioubatuba.com.br\/index.php?rest_route=\/wp\/v2\/types\/post"}],"author":[{"embeddable":true,"href":"https:\/\/diarioubatuba.com.br\/index.php?rest_route=\/wp\/v2\/users\/1"}],"replies":[{"embeddable":true,"href":"https:\/\/diarioubatuba.com.br\/index.php?rest_route=%2Fwp%2Fv2%2Fcomments&post=15328"}],"version-history":[{"count":1,"href":"https:\/\/diarioubatuba.com.br\/index.php?rest_route=\/wp\/v2\/posts\/15328\/revisions"}],"predecessor-version":[{"id":15331,"href":"https:\/\/diarioubatuba.com.br\/index.php?rest_route=\/wp\/v2\/posts\/15328\/revisions\/15331"}],"wp:featuredmedia":[{"embeddable":true,"href":"https:\/\/diarioubatuba.com.br\/index.php?rest_route=\/wp\/v2\/media\/15329"}],"wp:attachment":[{"href":"https:\/\/diarioubatuba.com.br\/index.php?rest_route=%2Fwp%2Fv2%2Fmedia&parent=15328"}],"wp:term":[{"taxonomy":"category","embeddable":true,"href":"https:\/\/diarioubatuba.com.br\/index.php?rest_route=%2Fwp%2Fv2%2Fcategories&post=15328"},{"taxonomy":"post_tag","embeddable":true,"href":"https:\/\/diarioubatuba.com.br\/index.php?rest_route=%2Fwp%2Fv2%2Ftags&post=15328"}],"curies":[{"name":"wp","href":"https:\/\/api.w.org\/{rel}","templated":true}]}}