{"id":15326,"date":"2026-04-02T13:55:37","date_gmt":"2026-04-02T13:55:37","guid":{"rendered":"https:\/\/diarioubatuba.com.br\/?p=15326"},"modified":"2026-04-02T14:06:55","modified_gmt":"2026-04-02T14:06:55","slug":"vigilancia-epidemiologica-de-ubatuba-alerta-a-populacao-sobre-a-importancia-da-vacina-contra-a-febre-amarela-apos-um-obito-em-taubate","status":"publish","type":"post","link":"https:\/\/diarioubatuba.com.br\/?p=15326","title":{"rendered":"Vigil\u00e2ncia Epidemiol\u00f3gica de Ubatuba alerta \u00e0 popula\u00e7\u00e3o sobre a necessidade da vacina contra a febre amarela depois de um \u00f3bito em Taubat\u00e9"},"content":{"rendered":"<div id=\"header\">\n<p><span><picture><source media=\"(min-width: 1024px)\" ><source ><\/picture><\/span><span><\/span><\/p>\n<\/p><\/div>\n<div id=\"main-wrapper\">    \t\t<main id=\"main\">    \t\t      \t\t\t  \t\t\t \t \t \t \t\t\t\t\t \t\t\t \t \t\t\t \t<\/p>\n<div>\n<p><span>A Vigil\u00e2ncia Epidemiol\u00f3gica de Ubatuba refor\u00e7a o alerta \u00e0 popula\u00e7\u00e3o sobre a necessidade da imuniza\u00e7\u00e3o contra a febre amarela depois de a confirma\u00e7\u00e3o do \u00f3bito de um garoto de 12 anos no munic\u00edpio de Taubat\u00e9 na \u00faltima semana, situa\u00e7\u00e3o que levou \u00e0 intensifica\u00e7\u00e3o das a\u00e7\u00f5es de vacina\u00e7\u00e3o e vigil\u00e2ncia epidemiol\u00f3gica em todo o territ\u00f3rio paulista.<\/span> <\/p>\n<p><span>Dados do boletim epidemiol\u00f3gico estadual de janeiro deste ano indicam que, no momento de monitoramento de julho de 2024 a junho de 2025, foram registrados 66 casos humanos de febre amarela no estado, sendo 63 aut\u00f3ctones (contra\u00eddos no pr\u00f3prio territ\u00f3rio). Desses, 37 evolu\u00edram para \u00f3bito, representando uma taxa de letalidade de 56,1%. A maioria dos casos ocorreu em pessoas n\u00e3o vacinadas, que correspondem a 93,9% do total . Embora o momento atual de monitoramento, iniciado no m\u00eas de julho de 2025, ainda n\u00e3o tenha registrado novos casos aut\u00f3ctones, o hist\u00f3rico recente preserva o cen\u00e1rio sob aten\u00e7\u00e3o.<\/span> <\/p>\n<p><span>Na \u00e1rea do Vale do Para\u00edba, foram confirmados casos em munic\u00edpios sob a abrang\u00eancia do Grupo de Vigil\u00e2ncia Epidemiol\u00f3gica de S\u00e3o Jos\u00e9 dos Campos e Taubat\u00e9, com registros de infec\u00e7\u00e3o e \u00f3bitos no momento anterior. J\u00e1 o Litoral Norte, que inclui Ubatuba, est\u00e1 inserido em \u00e1rea de risco devido \u00e0 proximidade com regi\u00f5es onde existe circula\u00e7\u00e3o do v\u00edrus e \u00e0 presen\u00e7a de corredores ecol\u00f3gicos que favorecem a dispers\u00e3o.<\/span> <\/p>\n<p><span>Em Ubatuba, a Vigil\u00e2ncia Epidemiol\u00f3gica preserva a intensifica\u00e7\u00e3o da imuniza\u00e7\u00e3o desde o come\u00e7o do ano, com foco na atualiza\u00e7\u00e3o do plano vacinal dos cidad\u00e3os. A recomenda\u00e7\u00e3o \u00e9 direcionada principalmente \u00e0s pessoas que receberam a dose fracionada da vacina contra a febre amarela em 2017 ou 2018 e ainda n\u00e3o realizaram a dose padr\u00e3o, ou sem hist\u00f3rico de dose anterior. Conforme o Programa Nacional de Imuniza\u00e7\u00f5es, esses pessoas n\u00e3o s\u00e3o considerados plenamente vacinados e precisam regularizar a situa\u00e7\u00e3o com a aplica\u00e7\u00e3o da dose completa, respeitando as contraindica\u00e7\u00f5es.<\/span> <\/p>\n<p><span>\u201cA vacina\u00e7\u00e3o \u00e9 indicada a partir dos 9 meses de idade e segue como a principal medida de preven\u00e7\u00e3o contra a doen\u00e7a. A febre amarela \u00e9 uma infec\u00e7\u00e3o viral transmitida por mosquitos e n\u00e3o h\u00e1 transmiss\u00e3o direta entre pessoas. Os sintomas iniciais incluem febre, dor de cabe\u00e7a, dores no corpo, v\u00f4mitos e fraqueza, podendo evoluir para quadros graves\u201d, relembrou a enfermeira coordenadora da Viep, Alyne Ambrogi.<\/span> <\/p>\n<p><span>Moradores que t\u00eam questionamentos sobre a situa\u00e7\u00e3o vacinal precisam procurar a unidade de sa\u00fade mais pr\u00f3xima de sua casa para avalia\u00e7\u00e3o da caderneta e atualiza\u00e7\u00e3o das doses. As unidades de sa\u00fade da cidade realizam a vacina\u00e7\u00e3o mediante apresenta\u00e7\u00e3o de documento com foto e, se plaus\u00edvel, a carteira de vacina\u00e7\u00e3o, conforme funcionamento das salas de vacina de cada unidade.<\/span> <\/p>\n<p><em><strong>Fonte: Prefeitura Municipal de Ubatuba\u00a0<\/strong><\/em> \t<\/p>\n<\/div>\n<nav>  \t\t\t  \t\t    \t\t  \t\t\t  \t\t\t  \t<\/nav>\n<p>\t\t  \t\t<\/main>    \t\t  \t\t\t\t\t  \t  \t<\/p>\n<div>\n<h3><\/h3>\n<\/p><\/div>\n<\/p><\/div>\n","protected":false},"excerpt":{"rendered":"<p>A Vigil\u00e2ncia Epidemiol\u00f3gica de Ubatuba refor\u00e7a o alerta \u00e0 popula\u00e7\u00e3o sobre a necessidade da imuniza\u00e7\u00e3o contra a febre amarela depois de a confirma\u00e7\u00e3o do \u00f3bito de um garoto de 12 anos no munic\u00edpio de Taubat\u00e9 na \u00faltima semana, situa\u00e7\u00e3o que levou \u00e0 intensifica\u00e7\u00e3o das a\u00e7\u00f5es de vacina\u00e7\u00e3o e vigil\u00e2ncia epidemiol\u00f3gica em todo o territ\u00f3rio paulista.<\/p>\n","protected":false},"author":1,"featured_media":15327,"comment_status":"closed","ping_status":"closed","sticky":false,"template":"","format":"standard","meta":{"footnotes":""},"categories":[33],"tags":[167,163],"class_list":{"0":"post-15326","1":"post","2":"type-post","3":"status-publish","4":"format-standard","5":"has-post-thumbnail","7":"category-ubatuba","8":"tag-cidades","9":"tag-ubatuba"},"_links":{"self":[{"href":"https:\/\/diarioubatuba.com.br\/index.php?rest_route=\/wp\/v2\/posts\/15326","targetHints":{"allow":["GET"]}}],"collection":[{"href":"https:\/\/diarioubatuba.com.br\/index.php?rest_route=\/wp\/v2\/posts"}],"about":[{"href":"https:\/\/diarioubatuba.com.br\/index.php?rest_route=\/wp\/v2\/types\/post"}],"author":[{"embeddable":true,"href":"https:\/\/diarioubatuba.com.br\/index.php?rest_route=\/wp\/v2\/users\/1"}],"replies":[{"embeddable":true,"href":"https:\/\/diarioubatuba.com.br\/index.php?rest_route=%2Fwp%2Fv2%2Fcomments&post=15326"}],"version-history":[{"count":1,"href":"https:\/\/diarioubatuba.com.br\/index.php?rest_route=\/wp\/v2\/posts\/15326\/revisions"}],"predecessor-version":[{"id":15330,"href":"https:\/\/diarioubatuba.com.br\/index.php?rest_route=\/wp\/v2\/posts\/15326\/revisions\/15330"}],"wp:featuredmedia":[{"embeddable":true,"href":"https:\/\/diarioubatuba.com.br\/index.php?rest_route=\/wp\/v2\/media\/15327"}],"wp:attachment":[{"href":"https:\/\/diarioubatuba.com.br\/index.php?rest_route=%2Fwp%2Fv2%2Fmedia&parent=15326"}],"wp:term":[{"taxonomy":"category","embeddable":true,"href":"https:\/\/diarioubatuba.com.br\/index.php?rest_route=%2Fwp%2Fv2%2Fcategories&post=15326"},{"taxonomy":"post_tag","embeddable":true,"href":"https:\/\/diarioubatuba.com.br\/index.php?rest_route=%2Fwp%2Fv2%2Ftags&post=15326"}],"curies":[{"name":"wp","href":"https:\/\/api.w.org\/{rel}","templated":true}]}}