{"id":15317,"date":"2026-04-02T09:50:25","date_gmt":"2026-04-02T09:50:25","guid":{"rendered":"https:\/\/diarioubatuba.com.br\/?p=15317"},"modified":"2026-04-02T09:53:54","modified_gmt":"2026-04-02T09:53:54","slug":"mercado-do-peixe-de-ubatuba-tera-funcionamento-normal-durante-feriado","status":"publish","type":"post","link":"https:\/\/diarioubatuba.com.br\/?p=15317","title":{"rendered":"Mercado do Peixe de Ubatuba ter\u00e1 funcionamento normal durante feriado"},"content":{"rendered":"<div> \t\t\t\t\t\t \t\t\t\t\t\t\t\t \t\t\t\t<meta itemprop=\"datePublished\" content=\"2026-03-31\"> \t\t\t\t<meta itemprop=\"dateModified\" content=\"2026-03-31\"> \t\t\t\t \t\t\t \t\t\t\t<\/p>\n<p>Mercado do Peixe de Ubatuba ter\u00e1 funcionamento normal durante feriado<\/p>\n<p><span>Postado em <span>31\/03\/2026<\/span><\/span> \t\t\t\t\t\t\t\t\t\t\t\t\t\t<\/p>\n<figure itemscope>\n<\/figure>\n<div itemprop=\"articleBody\">\n<p>O Mercado de Peixes de Ubatuba continua com funcionamento normal durante a Semana Santa, momento de maior movimento no com\u00e9rcio de pescados. O atendimento ocorre de segunda a s\u00e1bado, das 7h \u00e0s 18h, e aos domingos, das 7h \u00e0s 14h. A sexta-feira tamb\u00e9m ter\u00e1 expediente normal.<\/p>\n<p>A Secretaria de Agricultura e Pesca destaca que o mercado est\u00e1 abastecido, com bancas planejadas e boa variedade de produtos para atender a demanda do momento. Entre os itens comercializados est\u00e3o peixe inteiro, fil\u00e9s e camar\u00f5es devidamente conservados, al\u00e9m de diferentes tipos de pescados bastante procurados nesta \u00e9poca do ano.<\/p>\n<p>Entre os produtos mais buscados pelos consumidores est\u00e3o corvina, fil\u00e9 de pescada, robalo, tainha, anchova, pescada e abadejo, com pre\u00e7os que variam entre R$ 25,00 e R$ 130,00 o quilo, conforme com a esp\u00e9cie e o tipo de corte.<\/p>\n<p>\u201cGostaria de agradecer imensamente a todos os pescadores artesanais do munic\u00edpio de Ubatuba, que lutam diariamente para trazer o sustento para a fam\u00edlia e contribuem para deixar o Mercado do Peixe mais bonito, mais abastecido e com mais variedade. Essa \u00e9 uma categoria muito importante para o munic\u00edpio, que precisa ser valorizada e reconhecida pelo seu trabalho\u201d, destacou o secret\u00e1rio adjunto de Agricultura e Pesca, Jos\u00e9 M\u00e1rio Nespoli Mariko.<\/p>\n<p>A Secretaria tamb\u00e9m chama aten\u00e7\u00e3o para o momento de defeso do camar\u00e3o, que continua em vigor at\u00e9 30 de abril no estado de S\u00e3o Paulo. Durante esse momento, fica proibida a pesca de arrasto motorizada para as esp\u00e9cies rosa, sete-barbas, branco, barba-ru\u00e7a e santana ou vermelho. Por isso, os camar\u00f5es dispon\u00edveis para venda no mercado s\u00e3o oriundos de captura anterior, devidamente conservados e comercializados dentro das normas vigentes.<\/p>\n<\/p><\/div>\n<\/p><\/div>\n","protected":false},"excerpt":{"rendered":"<p>Mercado do Peixe de Ubatuba ter\u00e1 funcionamento normal durante feriado Postado em 31\/03\/2026 O Mercado de Peixes de Ubatuba continua com funcionamento normal durante a Semana Santa, momento de maior movimento no com\u00e9rcio de pescados. O atendimento ocorre de segunda a s\u00e1bado, das 7h \u00e0s 18h, e aos domingos, das 7h \u00e0s 14h. A sexta-feira<\/p>\n","protected":false},"author":1,"featured_media":15318,"comment_status":"closed","ping_status":"closed","sticky":false,"template":"","format":"standard","meta":{"footnotes":""},"categories":[33],"tags":[163],"class_list":{"0":"post-15317","1":"post","2":"type-post","3":"status-publish","4":"format-standard","5":"has-post-thumbnail","7":"category-ubatuba","8":"tag-ubatuba"},"_links":{"self":[{"href":"https:\/\/diarioubatuba.com.br\/index.php?rest_route=\/wp\/v2\/posts\/15317","targetHints":{"allow":["GET"]}}],"collection":[{"href":"https:\/\/diarioubatuba.com.br\/index.php?rest_route=\/wp\/v2\/posts"}],"about":[{"href":"https:\/\/diarioubatuba.com.br\/index.php?rest_route=\/wp\/v2\/types\/post"}],"author":[{"embeddable":true,"href":"https:\/\/diarioubatuba.com.br\/index.php?rest_route=\/wp\/v2\/users\/1"}],"replies":[{"embeddable":true,"href":"https:\/\/diarioubatuba.com.br\/index.php?rest_route=%2Fwp%2Fv2%2Fcomments&post=15317"}],"version-history":[{"count":1,"href":"https:\/\/diarioubatuba.com.br\/index.php?rest_route=\/wp\/v2\/posts\/15317\/revisions"}],"predecessor-version":[{"id":15319,"href":"https:\/\/diarioubatuba.com.br\/index.php?rest_route=\/wp\/v2\/posts\/15317\/revisions\/15319"}],"wp:featuredmedia":[{"embeddable":true,"href":"https:\/\/diarioubatuba.com.br\/index.php?rest_route=\/wp\/v2\/media\/15318"}],"wp:attachment":[{"href":"https:\/\/diarioubatuba.com.br\/index.php?rest_route=%2Fwp%2Fv2%2Fmedia&parent=15317"}],"wp:term":[{"taxonomy":"category","embeddable":true,"href":"https:\/\/diarioubatuba.com.br\/index.php?rest_route=%2Fwp%2Fv2%2Fcategories&post=15317"},{"taxonomy":"post_tag","embeddable":true,"href":"https:\/\/diarioubatuba.com.br\/index.php?rest_route=%2Fwp%2Fv2%2Ftags&post=15317"}],"curies":[{"name":"wp","href":"https:\/\/api.w.org\/{rel}","templated":true}]}}