{"id":15312,"date":"2026-04-02T01:52:58","date_gmt":"2026-04-02T01:52:58","guid":{"rendered":"https:\/\/diarioubatuba.com.br\/?p=15312"},"modified":"2026-04-02T01:53:04","modified_gmt":"2026-04-02T01:53:04","slug":"policia-militar-prende-criminoso-por-roubos-de-celulares-na-orla-da-praia-em-ubatuba","status":"publish","type":"post","link":"https:\/\/diarioubatuba.com.br\/?p=15312","title":{"rendered":"Pol\u00edcia Militar prende bandido por roubos de celulares na orla da praia em Ubatuba"},"content":{"rendered":"<div>\n<div>\n<\/p><\/div>\n<p> <i>Postado em: 31\/03\/2026<\/i><\/p>\n<p>A Pol\u00edcia Militar prendeu, na noite de segunda-feira (30\/3), um bandido respons\u00e1vel por roubos de aparelhos celulares na orla da praia do Perequ\u00ea-A\u00e7u, em Ubatuba. Durante ronda atrav\u00e9s do bairro Ipiranguinha, a equipe foi acionada via central 190\u00a0para atendimento de ocorr\u00eancia de roubo.<\/p>\n<p>A v\u00edtima informou que conseguia rastrear a localiza\u00e7\u00e3o do aparelho subtra\u00eddo, evidenciando o mesmo bairro. Em seguida, os policiais fizeram contato com o solicitante, que forneceu as caracter\u00edsticas do marginal, assim como relatou que o crime foi cometido mediante grave amea\u00e7a com uso de arma, possivelmente um simulacro.<\/p>\n<p>Baseado nas informa\u00e7\u00f5es, a equipe aumentou o ronda e localizou um pessoa com as mesmas caracter\u00edsticas, transitando em uma bicicleta preta. Ao notar a presen\u00e7a policial, o bandido tentou fugir, sendo depressa abordado.<\/p>\n<p>Durante a busca pessoal\u00a0foi localizado um aparelho celular do tipo iPhone, cuja proced\u00eancia n\u00e3o foi comprovada atrav\u00e9s do abordado. Analizando a situa\u00e7\u00e3o, as v\u00edtimas foram conduzidas para reconhecimento, apontando o bandido de forma segura e sem questionamentos como autor do roubo.<\/p>\n<p>Outras v\u00edtimas tamb\u00e9m compareceram e reconheceram o marginal como respons\u00e1vel por a\u00e7\u00f5es semelhantes. O bandido permaneceu \u00e0 disposi\u00e7\u00e3o da justi\u00e7a.<\/p>\n<p><span><b><\/b><\/span><\/p>\n<hr><\/div>\n<p><i>Com informa\u00e7\u00f5es de RadarLitoral<\/i><\/p>\n","protected":false},"excerpt":{"rendered":"<p>Postado em: 31\/03\/2026 A Pol\u00edcia Militar prendeu, na noite de segunda-feira (30\/3), um bandido respons\u00e1vel por roubos de aparelhos celulares na orla da praia do Perequ\u00ea-A\u00e7u, em Ubatuba. Durante ronda atrav\u00e9s do bairro Ipiranguinha, a equipe foi acionada via central 190\u00a0para atendimento de ocorr\u00eancia de roubo. A v\u00edtima informou que conseguia rastrear a localiza\u00e7\u00e3o do<\/p>\n","protected":false},"author":1,"featured_media":15313,"comment_status":"closed","ping_status":"closed","sticky":false,"template":"","format":"standard","meta":{"footnotes":""},"categories":[33],"tags":[163],"class_list":{"0":"post-15312","1":"post","2":"type-post","3":"status-publish","4":"format-standard","5":"has-post-thumbnail","7":"category-ubatuba","8":"tag-ubatuba"},"_links":{"self":[{"href":"https:\/\/diarioubatuba.com.br\/index.php?rest_route=\/wp\/v2\/posts\/15312","targetHints":{"allow":["GET"]}}],"collection":[{"href":"https:\/\/diarioubatuba.com.br\/index.php?rest_route=\/wp\/v2\/posts"}],"about":[{"href":"https:\/\/diarioubatuba.com.br\/index.php?rest_route=\/wp\/v2\/types\/post"}],"author":[{"embeddable":true,"href":"https:\/\/diarioubatuba.com.br\/index.php?rest_route=\/wp\/v2\/users\/1"}],"replies":[{"embeddable":true,"href":"https:\/\/diarioubatuba.com.br\/index.php?rest_route=%2Fwp%2Fv2%2Fcomments&post=15312"}],"version-history":[{"count":1,"href":"https:\/\/diarioubatuba.com.br\/index.php?rest_route=\/wp\/v2\/posts\/15312\/revisions"}],"predecessor-version":[{"id":15314,"href":"https:\/\/diarioubatuba.com.br\/index.php?rest_route=\/wp\/v2\/posts\/15312\/revisions\/15314"}],"wp:featuredmedia":[{"embeddable":true,"href":"https:\/\/diarioubatuba.com.br\/index.php?rest_route=\/wp\/v2\/media\/15313"}],"wp:attachment":[{"href":"https:\/\/diarioubatuba.com.br\/index.php?rest_route=%2Fwp%2Fv2%2Fmedia&parent=15312"}],"wp:term":[{"taxonomy":"category","embeddable":true,"href":"https:\/\/diarioubatuba.com.br\/index.php?rest_route=%2Fwp%2Fv2%2Fcategories&post=15312"},{"taxonomy":"post_tag","embeddable":true,"href":"https:\/\/diarioubatuba.com.br\/index.php?rest_route=%2Fwp%2Fv2%2Ftags&post=15312"}],"curies":[{"name":"wp","href":"https:\/\/api.w.org\/{rel}","templated":true}]}}