{"id":15290,"date":"2026-03-31T22:53:15","date_gmt":"2026-03-31T22:53:15","guid":{"rendered":"https:\/\/diarioubatuba.com.br\/?p=15290"},"modified":"2026-03-31T23:18:41","modified_gmt":"2026-03-31T23:18:41","slug":"apos-derrota-italia-fica-fora-da-copa-do-mundo-pela-3a-vez-seguida","status":"publish","type":"post","link":"https:\/\/diarioubatuba.com.br\/?p=15290","title":{"rendered":"Depois de derrota, It\u00e1lia fica fora da Copa do Mundo atrav\u00e9s da 3\u00aa vez seguida"},"content":{"rendered":"<\/p>\n<p>A It\u00e1lia n\u00e3o ir\u00e1 para a Copa do Mundo atrav\u00e9s da terceira vez seguida. Na pr\u00f3xima ter\u00e7a (31\/3), a Azzurri perdeu para a B\u00f3snia e Herzegovina nos p\u00eanaltis depois de empate em 1 x 1 no Stadion Bilino Polje, em Zenica. Com este resultado, os b\u00f3snios voltam ao mundial depois de 12 anos.<\/p>\n<p>   J\u00e1 os italianos, que n\u00e3o disputam a competi\u00e7\u00e3o desde 2014, amargam mais uma elimina\u00e7\u00e3o na repescagem. Em 2022, nas semifinais, perdeu para a Maced\u00f4nia do Norte por 1 x 0, com gol anotado nos acr\u00e9scimos da partida.<\/p>\n<p> Em 2018 disputou dois jogos contra a Su\u00e9cia, mas finalizou eliminada depois de o agregado final de 1 x 0 a favor dos suecos. A Azzurri, tetracampe\u00e3 do mundo, ficou de fora dos dois \u00faltimos mundiais. Sua \u00faltima participa\u00e7\u00e3o ocorreu em 2014, no Brasil, quando caiu na fase de grupos.<\/p>\n<p> Classificadas da Europa Na pr\u00f3xima ter\u00e7a (31\/3), foram definidas as \u00faltimas vagas da Europa para a Copa do Mundo. Al\u00e9m da B\u00f3snia, que ir\u00e1 para o Grupo B, tamb\u00e9m se classificaram Su\u00e9cia, Turquia e Rep\u00fablica Tcheca, que ser parte do Grupo A, Grupo F, Grupo D e Grupo A consecutivamente.<\/p>\n<p> \t\t\t\t\t\t\tReceba not\u00edcias de Esportes no seu WhatsApp e fique por dentro de tudo! Basta entrar o canal de not\u00edcias do Metr\u00f3poles no WhatsApp.<\/p>\n<p> \t\t\t\t\t\t\tPretende ficar por dentro de tudo que rola no mundo dos esportes e receber as not\u00edcias direto no seu celular? Entre no canal de esportes do Metr\u00f3poles no Telegram e n\u00e3o deixe de nos seguir tamb\u00e9m no perfil de esportes do Metr\u00f3poles no Instagram!<\/p>\n<p><i>Com informa\u00e7\u00f5es Metropoles<\/i><\/p>\n","protected":false},"excerpt":{"rendered":"<p>A It\u00e1lia n\u00e3o ir\u00e1 para a Copa do Mundo atrav\u00e9s da terceira vez seguida. Na pr\u00f3xima ter\u00e7a (31\/3), a Azzurri perdeu para a B\u00f3snia e Herzegovina nos p\u00eanaltis depois de empate em 1 x 1 no Stadion Bilino Polje, em Zenica. Com este resultado, os b\u00f3snios voltam ao mundial depois de 12 anos. J\u00e1 os<\/p>\n","protected":false},"author":1,"featured_media":15291,"comment_status":"closed","ping_status":"closed","sticky":false,"template":"","format":"standard","meta":{"footnotes":""},"categories":[31],"tags":[37],"class_list":{"0":"post-15290","1":"post","2":"type-post","3":"status-publish","4":"format-standard","5":"has-post-thumbnail","7":"category-esportes","8":"tag-esportes"},"_links":{"self":[{"href":"https:\/\/diarioubatuba.com.br\/index.php?rest_route=\/wp\/v2\/posts\/15290","targetHints":{"allow":["GET"]}}],"collection":[{"href":"https:\/\/diarioubatuba.com.br\/index.php?rest_route=\/wp\/v2\/posts"}],"about":[{"href":"https:\/\/diarioubatuba.com.br\/index.php?rest_route=\/wp\/v2\/types\/post"}],"author":[{"embeddable":true,"href":"https:\/\/diarioubatuba.com.br\/index.php?rest_route=\/wp\/v2\/users\/1"}],"replies":[{"embeddable":true,"href":"https:\/\/diarioubatuba.com.br\/index.php?rest_route=%2Fwp%2Fv2%2Fcomments&post=15290"}],"version-history":[{"count":1,"href":"https:\/\/diarioubatuba.com.br\/index.php?rest_route=\/wp\/v2\/posts\/15290\/revisions"}],"predecessor-version":[{"id":15292,"href":"https:\/\/diarioubatuba.com.br\/index.php?rest_route=\/wp\/v2\/posts\/15290\/revisions\/15292"}],"wp:featuredmedia":[{"embeddable":true,"href":"https:\/\/diarioubatuba.com.br\/index.php?rest_route=\/wp\/v2\/media\/15291"}],"wp:attachment":[{"href":"https:\/\/diarioubatuba.com.br\/index.php?rest_route=%2Fwp%2Fv2%2Fmedia&parent=15290"}],"wp:term":[{"taxonomy":"category","embeddable":true,"href":"https:\/\/diarioubatuba.com.br\/index.php?rest_route=%2Fwp%2Fv2%2Fcategories&post=15290"},{"taxonomy":"post_tag","embeddable":true,"href":"https:\/\/diarioubatuba.com.br\/index.php?rest_route=%2Fwp%2Fv2%2Ftags&post=15290"}],"curies":[{"name":"wp","href":"https:\/\/api.w.org\/{rel}","templated":true}]}}