{"id":15076,"date":"2026-03-21T22:51:20","date_gmt":"2026-03-21T22:51:20","guid":{"rendered":"https:\/\/diarioubatuba.com.br\/?p=15076"},"modified":"2026-03-21T23:02:18","modified_gmt":"2026-03-21T23:02:18","slug":"beach-soccer-ceilandia-tera-indicados-em-premiacao-de-melhor-do-mundo","status":"publish","type":"post","link":"https:\/\/diarioubatuba.com.br\/?p=15076","title":{"rendered":"Beach Soccer: Ceil\u00e2ndia ter\u00e1 indicados em premia\u00e7\u00e3o de melhor do mundo"},"content":{"rendered":"<\/p>\n<p>O time feminino do Ceil\u00e2ndia ter\u00e1 dois representantes na premia\u00e7\u00e3o Beach Soccer Stars 2025, que define os melhores do mundo na modalidade na temporada passada.<\/p>\n<p>  Os escolhidos foram a ala Isabelle, conhecida como Belinha, e o treinador Kleitinho. Ambos tem sido presen\u00e7a frequente tamb\u00e9m na Sele\u00e7\u00e3o Brasileira da modalidade.<\/p>\n<p> Na concorr\u00eancia estar\u00e3o esportistas de toda parte do mundo. A escolha de quem concorre em cada categoria foi feita por interm\u00e9dio de uma vota\u00e7\u00e3o que envolveu as capit\u00e3s e as treinadoras de cada sele\u00e7\u00e3o, tanto no masculino como tamb\u00e9m no feminino. A data e o local da celebra\u00e7\u00e3o ainda ser\u00e3o definidos.<\/p>\n<p> Celebra\u00e7\u00e3o das indica\u00e7\u00f5es Kleitinho festejou a indica\u00e7\u00e3o e disse sobre estar honrado por isso. \u201c\u00c9 uma indica\u00e7\u00e3o que me honra e representa muito, s\u00f3 de o meu nome ser selecionado para concorrer \u00e9 uma realiza\u00e7\u00e3o imensa\u201d.<\/p>\n<p> J\u00e1 Belinha disse ao Metr\u00f3poles sobre concorrer a melhor do feminino. \u201cSonhei com esse momento muitas vezes. Hoje, ver que tenho chance de ser indicada a melhor do mundo s\u00f3 me faz querer ir ainda mais longe, s\u00f3 de estar entre as melhores j\u00e1 \u00e9 incr\u00edvel, \u00e9 um sonho realizado\u201d.<\/p>\n<p> \t\t\t\t\t\t\tReceba not\u00edcias de Esportes no seu WhatsApp e fique por dentro de tudo! Basta entrar o canal de not\u00edcias do Metr\u00f3poles no WhatsApp.<\/p>\n<p> \t\t\t\t\t\t\tDeseja ficar por dentro de tudo que rola no mundo dos esportes e receber as not\u00edcias direto no seu celular? Entre no canal de esportes do Metr\u00f3poles no Telegram e n\u00e3o deixe de nos seguir tamb\u00e9m no perfil de esportes do Metr\u00f3poles no Instagram!<\/p>\n<p><i>Com informa\u00e7\u00f5es Metropoles<\/i><\/p>\n","protected":false},"excerpt":{"rendered":"<p>O time feminino do Ceil\u00e2ndia ter\u00e1 dois representantes na premia\u00e7\u00e3o Beach Soccer Stars 2025, que define os melhores do mundo na modalidade na temporada passada. Os escolhidos foram a ala Isabelle, conhecida como Belinha, e o treinador Kleitinho. Ambos tem sido presen\u00e7a frequente tamb\u00e9m na Sele\u00e7\u00e3o Brasileira da modalidade. Na concorr\u00eancia estar\u00e3o esportistas de toda<\/p>\n","protected":false},"author":1,"featured_media":15077,"comment_status":"closed","ping_status":"closed","sticky":false,"template":"","format":"standard","meta":{"footnotes":""},"categories":[31],"tags":[37],"class_list":{"0":"post-15076","1":"post","2":"type-post","3":"status-publish","4":"format-standard","5":"has-post-thumbnail","7":"category-esportes","8":"tag-esportes"},"_links":{"self":[{"href":"https:\/\/diarioubatuba.com.br\/index.php?rest_route=\/wp\/v2\/posts\/15076","targetHints":{"allow":["GET"]}}],"collection":[{"href":"https:\/\/diarioubatuba.com.br\/index.php?rest_route=\/wp\/v2\/posts"}],"about":[{"href":"https:\/\/diarioubatuba.com.br\/index.php?rest_route=\/wp\/v2\/types\/post"}],"author":[{"embeddable":true,"href":"https:\/\/diarioubatuba.com.br\/index.php?rest_route=\/wp\/v2\/users\/1"}],"replies":[{"embeddable":true,"href":"https:\/\/diarioubatuba.com.br\/index.php?rest_route=%2Fwp%2Fv2%2Fcomments&post=15076"}],"version-history":[{"count":1,"href":"https:\/\/diarioubatuba.com.br\/index.php?rest_route=\/wp\/v2\/posts\/15076\/revisions"}],"predecessor-version":[{"id":15078,"href":"https:\/\/diarioubatuba.com.br\/index.php?rest_route=\/wp\/v2\/posts\/15076\/revisions\/15078"}],"wp:featuredmedia":[{"embeddable":true,"href":"https:\/\/diarioubatuba.com.br\/index.php?rest_route=\/wp\/v2\/media\/15077"}],"wp:attachment":[{"href":"https:\/\/diarioubatuba.com.br\/index.php?rest_route=%2Fwp%2Fv2%2Fmedia&parent=15076"}],"wp:term":[{"taxonomy":"category","embeddable":true,"href":"https:\/\/diarioubatuba.com.br\/index.php?rest_route=%2Fwp%2Fv2%2Fcategories&post=15076"},{"taxonomy":"post_tag","embeddable":true,"href":"https:\/\/diarioubatuba.com.br\/index.php?rest_route=%2Fwp%2Fv2%2Ftags&post=15076"}],"curies":[{"name":"wp","href":"https:\/\/api.w.org\/{rel}","templated":true}]}}