{"id":14972,"date":"2026-03-17T10:53:08","date_gmt":"2026-03-18T10:52:34","guid":{"rendered":"https:\/\/diarioubatuba.com.br\/?p=14972"},"modified":"2026-03-18T10:52:35","modified_gmt":"2026-03-18T10:52:35","slug":"cachorro-morre-apos-ataque-de-pastor-alemao-sem-guia-em-praia-de-uba","status":"publish","type":"post","link":"https:\/\/diarioubatuba.com.br\/?p=14972","title":{"rendered":"Cachorro morre ap\u00f3s ataque de pastor alem\u00e3o sem guia em praia de Uba"},"content":{"rendered":"<div>\n<p>Um caso que tem gerado grande como\u00e7\u00e3o nas redes sociais envolve a morte do cachorro Nicolau, ap\u00f3s um ataque de um pastor alem\u00e3o que estava solto sem guia em uma \u00e1rea de praia de Ubatuba.<\/p>\n<p>Em um v\u00eddeo publicado nas redes sociais, Raphael aparece emocionado com o cachorro nos bra\u00e7os e relata a dor da perda. Segundo ele, o ataque ocorreu em um espa\u00e7o p\u00fablico da praia. De acordo com o tutor, a dona do pastor alem\u00e3o teria afirmado que o animal estava no local \u201ccuidando da propriedade\u201d, argumento contestado por ele.<\/p>\n<p>Em entrevista \u00e0 R\u00e1dio Costa Azul, Raphael contou que estava com a esposa e o cachorro passando o fim de semana em um veleiro ancorado no Saco da Ribeira. Na manh\u00e3 de domingo, o casal decidiu conhecer a Praia do Flamengo e saiu de bote pela costeira. Durante o trajeto, eles resolveram parar na pequena faixa de areia da Praia da Dion\u00edsia. Neste momento, enquanto estava de costas para as casas pr\u00f3ximas, um pastor alem\u00e3o teria surgido correndo e atacado Nicolau.<\/p>\n<p>Raphael relata que tentou conter o animal e conseguiu afast\u00e1-lo ap\u00f3s imobiliz\u00e1-lo. O cachorro dele, no entanto, j\u00e1 havia sido ferido. O casal decidiu procurar atendimento veterin\u00e1rio imediatamente.<\/p>\n<p>Ap\u00f3s o atendimento, Nicolau foi liberado e levado para casa, em Caraguatatuba. Por\u00e9m, nas horas seguintes, o cachorro passou a apresentar fortes dores, dificuldade para se alimentar e novos epis\u00f3dios de sangramento. Pouco tempo depois, o animal morreu.<\/p>\n<p>Al\u00e9m da dor da perda, a situa\u00e7\u00e3o trouxe impactos emocionais \u00e0 fam\u00edlia. Segundo Raphael, Nicolau era considerado um c\u00e3o de suporte emocional.<\/p>\n<p>O tutor informou que registrou boletim de ocorr\u00eancia e pretende acionar judicialmente a tutora do pastor alem\u00e3o.<\/p>\n<p>Em publica\u00e7\u00e3o nas redes sociais, Raphael destacou que a legisla\u00e7\u00e3o brasileira estabelece que o respons\u00e1vel por um animal responde pelos danos que ele causar. Segundo ele, tornar o caso p\u00fablico tamb\u00e9m \u00e9 uma forma de alertar sobre a import\u00e2ncia da responsabilidade na guarda de animais.<\/p>\n<p>\u201cMeu cachorro n\u00e3o volta mais, mas situa\u00e7\u00f5es como essa n\u00e3o podem continuar acontecendo\u201d, afirmou.<\/p>\n<\/p><\/div>\n<p><i>Com informa\u00e7\u00f5es de R\u00e1dio Costa Azul FM<\/i><\/p>\n","protected":false},"excerpt":{"rendered":"<p>Um caso que tem gerado grande como\u00e7\u00e3o nas redes sociais envolve a morte do cachorro Nicolau, ap\u00f3s um ataque de um pastor alem\u00e3o que estava solto sem guia em uma \u00e1rea de praia de Ubatuba. Em um v\u00eddeo publicado nas redes sociais, Raphael aparece emocionado com o cachorro nos bra\u00e7os e relata a dor da<\/p>\n","protected":false},"author":1,"featured_media":14991,"comment_status":"closed","ping_status":"closed","sticky":false,"template":"","format":"standard","meta":{"footnotes":""},"categories":[33],"tags":[163],"class_list":{"0":"post-14972","1":"post","2":"type-post","3":"status-publish","4":"format-standard","5":"has-post-thumbnail","7":"category-ubatuba","8":"tag-ubatuba"},"_links":{"self":[{"href":"https:\/\/diarioubatuba.com.br\/index.php?rest_route=\/wp\/v2\/posts\/14972","targetHints":{"allow":["GET"]}}],"collection":[{"href":"https:\/\/diarioubatuba.com.br\/index.php?rest_route=\/wp\/v2\/posts"}],"about":[{"href":"https:\/\/diarioubatuba.com.br\/index.php?rest_route=\/wp\/v2\/types\/post"}],"author":[{"embeddable":true,"href":"https:\/\/diarioubatuba.com.br\/index.php?rest_route=\/wp\/v2\/users\/1"}],"replies":[{"embeddable":true,"href":"https:\/\/diarioubatuba.com.br\/index.php?rest_route=%2Fwp%2Fv2%2Fcomments&post=14972"}],"version-history":[{"count":2,"href":"https:\/\/diarioubatuba.com.br\/index.php?rest_route=\/wp\/v2\/posts\/14972\/revisions"}],"predecessor-version":[{"id":14990,"href":"https:\/\/diarioubatuba.com.br\/index.php?rest_route=\/wp\/v2\/posts\/14972\/revisions\/14990"}],"wp:featuredmedia":[{"embeddable":true,"href":"https:\/\/diarioubatuba.com.br\/index.php?rest_route=\/wp\/v2\/media\/14991"}],"wp:attachment":[{"href":"https:\/\/diarioubatuba.com.br\/index.php?rest_route=%2Fwp%2Fv2%2Fmedia&parent=14972"}],"wp:term":[{"taxonomy":"category","embeddable":true,"href":"https:\/\/diarioubatuba.com.br\/index.php?rest_route=%2Fwp%2Fv2%2Fcategories&post=14972"},{"taxonomy":"post_tag","embeddable":true,"href":"https:\/\/diarioubatuba.com.br\/index.php?rest_route=%2Fwp%2Fv2%2Ftags&post=14972"}],"curies":[{"name":"wp","href":"https:\/\/api.w.org\/{rel}","templated":true}]}}