{"id":14088,"date":"2026-02-05T16:06:01","date_gmt":"2026-02-05T16:06:01","guid":{"rendered":"https:\/\/diarioubatuba.com.br\/?p=14088"},"modified":"2026-02-05T16:06:08","modified_gmt":"2026-02-05T16:06:08","slug":"premiado-longa-o-ultimo-azul-tem-sessao-gratuita-com-presenca-da-protagonista","status":"publish","type":"post","link":"https:\/\/diarioubatuba.com.br\/?p=14088","title":{"rendered":"Premiado longa \u201cO \u00daltimo Azul\u201d tem sess\u00e3o gratuita com presen\u00e7a da personagem principal"},"content":{"rendered":"<p>O projeto Cinema Popular traz o premiado longa-metragem brasileiro \u201cO \u00daltimo Azul\u201d para Ubatuba quinta-feira agora (5). A sess\u00e3o gratuita ocorre no Teatro Municipal Pedro Paulo Teixeira Pinto, \u00e0s 19h. Depois de a exibi\u00e7\u00e3o, o p\u00fablico ainda conseguir\u00e1 fazer parte de uma convensa com a atriz Denise Weinberg, que interpreta a personagem principal.<\/p>\n<p>No filme, dirigido por Gabriel Mascaro, Denise \u00e9 Tereza, uma mulher de 77 anos convocada atrav\u00e9s do governo a deixar sua cidade para viver em uma col\u00f4nia habitacional destinada a idosos. Antes da mudan\u00e7a compuls\u00f3ria, a personagem percorre rios e afluentes da Amaz\u00f4nia para fazer um \u00faltimo desejo. O elenco conta ainda com Rodrigo Santoro e Miriam Socarras.<\/p>\n<p>\u201cO \u00daltimo Azul\u201d re\u00fane drama e fic\u00e7\u00e3o cient\u00edfica e recebeu oito pr\u00eamios internacionais at\u00e9 o momento, al\u00e9m de outras 12 indica\u00e7\u00f5es. Destaque para Urso de Prata, do Festival de Cinema de Berlim, na categoria Grande Pr\u00eamio do J\u00fari, considerada uma das principais premia\u00e7\u00f5es do mundo no segmento cinematogr\u00e1fico.<\/p>\n<p>Os ingressos gratuitos para a sess\u00e3o de cinema poder\u00e3o ser reservados brevemente no site megabilheteria.com. O longa tem 86 minutos de dura\u00e7\u00e3o e classifica\u00e7\u00e3o indicativa de 14 anos.<\/p>\n<p><strong>Cinema Popular<\/strong><\/p>\n<p>A iniciativa \u00e8 idealizada por integrantes do grupo Apoen\u00e3 de Fotografia e Cinema e estabelecido por profissionais do Setorial de Cinema e Fotografia da Funda\u00e7\u00e3o de Arte e Cultura de Ubatuba (Fundart). Desde 2023, o projeto promove, sempre na primeira quinta-feira de cada m\u00eas, exibi\u00e7\u00f5es sem custo de curtas, m\u00e9dias e longas-metragens no Teatro Municipal. O projeto foi contemplado atrav\u00e9s do Edital de Fomento Cultural da Fundart, com apoio financeiro de R$ 10 mil para 2026, defendendo a continuidade das atividades e o acesso sem custo do p\u00fablico ao audiovisual.<\/p>\n<p> Premiado longa \u201cO \u00daltimo Azul\u201d tem sess\u00e3o gratuita com presen\u00e7a da personagem principal <\/p>\n<p><i>Com informa\u00e7\u00f5es de NovaImprensa<\/i><\/p>\n","protected":false},"excerpt":{"rendered":"<p>O projeto Cinema Popular traz o premiado longa-metragem brasileiro \u201cO \u00daltimo Azul\u201d para Ubatuba quinta-feira agora (5). A sess\u00e3o gratuita ocorre no Teatro Municipal Pedro Paulo Teixeira Pinto, \u00e0s 19h. Depois de a exibi\u00e7\u00e3o, o p\u00fablico ainda conseguir\u00e1 fazer parte de uma convensa com a atriz Denise Weinberg, que interpreta a personagem principal. No filme,<\/p>\n","protected":false},"author":1,"featured_media":14089,"comment_status":"closed","ping_status":"closed","sticky":false,"template":"","format":"standard","meta":{"footnotes":""},"categories":[33],"tags":[167,99,65,163],"class_list":{"0":"post-14088","1":"post","2":"type-post","3":"status-publish","4":"format-standard","5":"has-post-thumbnail","7":"category-ubatuba","8":"tag-cidades","9":"tag-cultura","10":"tag-destaques","11":"tag-ubatuba"},"_links":{"self":[{"href":"https:\/\/diarioubatuba.com.br\/index.php?rest_route=\/wp\/v2\/posts\/14088","targetHints":{"allow":["GET"]}}],"collection":[{"href":"https:\/\/diarioubatuba.com.br\/index.php?rest_route=\/wp\/v2\/posts"}],"about":[{"href":"https:\/\/diarioubatuba.com.br\/index.php?rest_route=\/wp\/v2\/types\/post"}],"author":[{"embeddable":true,"href":"https:\/\/diarioubatuba.com.br\/index.php?rest_route=\/wp\/v2\/users\/1"}],"replies":[{"embeddable":true,"href":"https:\/\/diarioubatuba.com.br\/index.php?rest_route=%2Fwp%2Fv2%2Fcomments&post=14088"}],"version-history":[{"count":1,"href":"https:\/\/diarioubatuba.com.br\/index.php?rest_route=\/wp\/v2\/posts\/14088\/revisions"}],"predecessor-version":[{"id":14090,"href":"https:\/\/diarioubatuba.com.br\/index.php?rest_route=\/wp\/v2\/posts\/14088\/revisions\/14090"}],"wp:featuredmedia":[{"embeddable":true,"href":"https:\/\/diarioubatuba.com.br\/index.php?rest_route=\/wp\/v2\/media\/14089"}],"wp:attachment":[{"href":"https:\/\/diarioubatuba.com.br\/index.php?rest_route=%2Fwp%2Fv2%2Fmedia&parent=14088"}],"wp:term":[{"taxonomy":"category","embeddable":true,"href":"https:\/\/diarioubatuba.com.br\/index.php?rest_route=%2Fwp%2Fv2%2Fcategories&post=14088"},{"taxonomy":"post_tag","embeddable":true,"href":"https:\/\/diarioubatuba.com.br\/index.php?rest_route=%2Fwp%2Fv2%2Ftags&post=14088"}],"curies":[{"name":"wp","href":"https:\/\/api.w.org\/{rel}","templated":true}]}}