{"id":13846,"date":"2026-01-23T02:32:21","date_gmt":"2026-01-23T02:32:21","guid":{"rendered":"https:\/\/diarioubatuba.com.br\/2026\/01\/23\/culinaria-ancestral-de-escola-quilombola-de-ubatuba-conquista-premio-nacional-do-fnde\/"},"modified":"2026-01-23T02:32:28","modified_gmt":"2026-01-23T02:32:28","slug":"culinaria-ancestral-de-escola-quilombola-de-ubatuba-conquista-premio-nacional-do-fnde","status":"publish","type":"post","link":"https:\/\/diarioubatuba.com.br\/?p=13846","title":{"rendered":"Culin\u00e1ria ancestral de escola quilombola de Ubatuba conquista pr\u00eamio nacional do FNDE"},"content":{"rendered":"<div class=\"markdown markdown-main-panel stronger enable-updated-hr-color\" dir=\"ltr\" aria-live=\"polite\" aria-busy=\"false\">\n<p data-path-to-node=\"3\">A conex\u00e3o entre a ancestralidade, o saber popular e a nutri\u00e7\u00e3o escolar rendeu a Ubatuba um importante reconhecimento federal. A Escola Municipal Quilombola Benedita Chrispin dos Santos, na comunidade da Ca\u00e7andoca, foi eleita uma das grandes vencedoras da 7\u00aa Jornada de Educa\u00e7\u00e3o Alimentar e Nutricional (EAN). A institui\u00e7\u00e3o figurou entre as 20 melhores iniciativas do pa\u00eds, superando uma concorr\u00eancia de quase 3.500 projetos cadastrados.<\/p>\n<p data-path-to-node=\"4\">A premia\u00e7\u00e3o, coordenada atrav\u00e9s do Fundo Nacional de Desenvolvimento da Educa\u00e7\u00e3o (FNDE), destacou o projeto \u2018M\u00e3os que Educam, Resgate da Culin\u00e1ria Quilombola na Escola\u2019. A proposta se diferenciou por ir al\u00e9m do prato feito. Houve a integra\u00e7\u00e3o do curr\u00edculo escolar \u00e0 valoriza\u00e7\u00e3o da cultura local, evidenciando o papel fundamental das merendeiras e amplificando a identidade dos alunos atrav\u00e9s dos alimentos tradicionais de sua comunidade.<\/p>\n<\/div>\n<p data-path-to-node=\"4\"><strong><span>Siga o canal \u201cNova Imprensa\u201d no WhatsApp e fique por dentro das not\u00edcias do Litoral Norte: https:\/\/whatsapp.com\/channel\/0029Vb3aWJl29759dfBaD40Y<\/span><\/strong><\/p>\n<h3 data-path-to-node=\"4\">Processo de sele\u00e7\u00e3o<\/h3>\n<div class=\"markdown markdown-main-panel stronger enable-updated-hr-color\" dir=\"ltr\" aria-live=\"polite\" aria-busy=\"false\">\n<p data-path-to-node=\"5\">O processo de sele\u00e7\u00e3o foi rigoroso. Conforme o FNDE, aproxamadamente 2.800 escolas de todo o Brasil participaram da edi\u00e7\u00e3o, enviando relatos de suas pr\u00e1ticas pedag\u00f3gicas. A iniciativa de Ubatuba foi avaliada sob crit\u00e9rios t\u00e9cnicos que inclu\u00edram originalidade, participa\u00e7\u00e3o da popula\u00e7\u00e3o e alinhamento com as diretrizes do Programa Nacional de Alimenta\u00e7\u00e3o Escolar (PNAE).<\/p>\n<p data-path-to-node=\"6\">Como recompensa atrav\u00e9s do desempenho de excel\u00eancia, a escola receber\u00e1 um aporte financeiro de R$ 10 mil. O recurso serve como incentivo para a continuidade e amplia\u00e7\u00e3o das a\u00e7\u00f5es de educa\u00e7\u00e3o alimentar.<\/p>\n<p data-path-to-node=\"6\">Al\u00e9m do valor em dinheiro, a metodologia aplicada na Ca\u00e7andoca ser\u00e1 eternizada em uma publica\u00e7\u00e3o oficial do governo federal. O projeto far\u00e1 parte de um livro que compila as experi\u00eancias, servindo de modelo para outras institui\u00e7\u00f5es de ensino no territ\u00f3rio nacional.<\/p>\n<p data-path-to-node=\"7\">Para a equipe envolvida, o pr\u00eamio valida um esfor\u00e7o coletivo. A nutricionista respons\u00e1vel, Liandra Monteiro de Oliveira, enfatizou que a conquista reflete a uni\u00e3o entre a gest\u00e3o escolar, a supervis\u00e3o pedag\u00f3gica e a Se\u00e7\u00e3o de Alimenta\u00e7\u00e3o Escolar da Secretaria Municipal de Educa\u00e7\u00e3o. Segundo ela, o reconhecimento nacional refor\u00e7a o comprometimento da cidade em preservar a cultura quilombola enquanto promove a sa\u00fade e o desenvolvimento biopsicossocial dos estudantes.<\/p>\n<p data-path-to-node=\"8\">A Jornada de EAN existe desde 2017 e tem como foco incentivar escolas p\u00fablicas a debaterem e praticarem a alimenta\u00e7\u00e3o saud\u00e1vel de forma transversal. Ao premiar a escola Benedita Chrispin dos Santos, o programa evidencia que a educa\u00e7\u00e3o nutricional, quando apoiadora ao resgate hist\u00f3rico e cultural, torna-se uma ferramenta poderosa de transforma\u00e7\u00e3o social.<\/p>\n<\/div>\n<p> Culin\u00e1ria ancestral de escola quilombola de Ubatuba conquista pr\u00eamio nacional do FNDE <\/p>\n<p><i>Com informa\u00e7\u00f5es de NovaImprensa<\/i><\/p>\n","protected":false},"excerpt":{"rendered":"<p>A conex\u00e3o entre a ancestralidade, o saber popular e a nutri\u00e7\u00e3o escolar rendeu a Ubatuba um importante reconhecimento federal. A Escola Municipal Quilombola Benedita Chrispin dos Santos, na comunidade da Ca\u00e7andoca, foi eleita uma das grandes vencedoras da 7\u00aa Jornada de Educa\u00e7\u00e3o Alimentar e Nutricional (EAN). A institui\u00e7\u00e3o figurou entre as 20 melhores iniciativas do<\/p>\n","protected":false},"author":1,"featured_media":13847,"comment_status":"closed","ping_status":"closed","sticky":false,"template":"","format":"standard","meta":{"footnotes":""},"categories":[33],"tags":[2018,2019,167,2020,99,2021,65,2022,2023,2024,2025,219,2026,2027,176,2028,2029,2030,163],"class_list":{"0":"post-13846","1":"post","2":"type-post","3":"status-publish","4":"format-standard","5":"has-post-thumbnail","7":"category-ubatuba","8":"tag-alimentacao-saudavel","9":"tag-cacandoca","10":"tag-cidades","11":"tag-culinaria-quilombola","12":"tag-cultura","13":"tag-cultura-tradicional","14":"tag-destaques","15":"tag-educacao-alimentar","16":"tag-educacao-publica","17":"tag-escola-quilombola-benedita-chrispin-dos-santos","18":"tag-fnde","19":"tag-litoral-norte","20":"tag-maos-que-educam","21":"tag-merenda-escolar","22":"tag-nova-imprensa","23":"tag-nutricao-escolar","24":"tag-pnae","25":"tag-premio","26":"tag-ubatuba"},"_links":{"self":[{"href":"https:\/\/diarioubatuba.com.br\/index.php?rest_route=\/wp\/v2\/posts\/13846","targetHints":{"allow":["GET"]}}],"collection":[{"href":"https:\/\/diarioubatuba.com.br\/index.php?rest_route=\/wp\/v2\/posts"}],"about":[{"href":"https:\/\/diarioubatuba.com.br\/index.php?rest_route=\/wp\/v2\/types\/post"}],"author":[{"embeddable":true,"href":"https:\/\/diarioubatuba.com.br\/index.php?rest_route=\/wp\/v2\/users\/1"}],"replies":[{"embeddable":true,"href":"https:\/\/diarioubatuba.com.br\/index.php?rest_route=%2Fwp%2Fv2%2Fcomments&post=13846"}],"version-history":[{"count":1,"href":"https:\/\/diarioubatuba.com.br\/index.php?rest_route=\/wp\/v2\/posts\/13846\/revisions"}],"predecessor-version":[{"id":13849,"href":"https:\/\/diarioubatuba.com.br\/index.php?rest_route=\/wp\/v2\/posts\/13846\/revisions\/13849"}],"wp:featuredmedia":[{"embeddable":true,"href":"https:\/\/diarioubatuba.com.br\/index.php?rest_route=\/wp\/v2\/media\/13847"}],"wp:attachment":[{"href":"https:\/\/diarioubatuba.com.br\/index.php?rest_route=%2Fwp%2Fv2%2Fmedia&parent=13846"}],"wp:term":[{"taxonomy":"category","embeddable":true,"href":"https:\/\/diarioubatuba.com.br\/index.php?rest_route=%2Fwp%2Fv2%2Fcategories&post=13846"},{"taxonomy":"post_tag","embeddable":true,"href":"https:\/\/diarioubatuba.com.br\/index.php?rest_route=%2Fwp%2Fv2%2Ftags&post=13846"}],"curies":[{"name":"wp","href":"https:\/\/api.w.org\/{rel}","templated":true}]}}