{"id":13209,"date":"2025-12-23T15:00:33","date_gmt":"2025-12-23T15:00:33","guid":{"rendered":"https:\/\/diarioubatuba.com.br\/2025\/12\/23\/praias-do-litoral-de-sp-viram-palco-de-shows-e-corridas-em-projeto-gratuito-neste-verao\/"},"modified":"2025-12-29T16:53:34","modified_gmt":"2025-12-29T16:53:34","slug":"praias-do-litoral-de-sp-viram-palco-de-shows-e-corridas-em-projeto-gratuito-neste-verao","status":"publish","type":"post","link":"https:\/\/diarioubatuba.com.br\/?p=13209","title":{"rendered":"Praias do Litoral de SP viram palco de apresenta\u00e7\u00f5es e corridas em projeto sem custo neste ver\u00e3o"},"content":{"rendered":"<p>O Projeto Ver\u00e3o no Clima inicia 2026 com uma programa\u00e7\u00e3o intensa no litoral paulista, levando atividades sem custo de esporte, cultura e educa\u00e7\u00e3o ambiental a sete cidades durante o m\u00eas de janeiro.<\/p>\n<p>O circuito itinerante passa por Peru\u00edbe (8), Bertioga (10), Ilha Comprida (15), Praia Grande (17), Ubatuba (24), Santos (28) e Guaruj\u00e1 (31).<\/p>\n<p>A proposta \u00e9 ocupar a orla com a\u00e7\u00f5es que incentivem h\u00e1bitos sustent\u00e1veis, pr\u00e1tica esportiva e valoriza\u00e7\u00e3o da cultura regional, reunindo DJs, bandas, artistas locais e atividades voltadas para crian\u00e7as e adultos.<\/p>\n<p>Esporte e conscientiza\u00e7\u00e3o na areia<\/p>\n<p>Al\u00e9m das atra\u00e7\u00f5es culturais, algumas cidades recebem o maior circuito sem custo de corridas do ver\u00e3o. As provas fazem parte a programa\u00e7\u00e3o do Ver\u00e3o no Clima e t\u00eam inscri\u00e7\u00f5es sem custo e limitadas, dispon\u00edveis no site da Ticket Sports.<\/p>\n<p>Veja tamb\u00e9m:\u00a0Praia do litoral \u00e9 o para\u00edso do descanso no ver\u00e3o e do com\u00e9rcio de peixes frescos<\/p>\n<p>A preserva\u00e7\u00e3o ambiental \u00e9 um dos eixos centrais do projeto. Em todas os munic\u00edpios, o p\u00fablico \u00e9 convidado a fazer parte de mutir\u00f5es de limpeza das praias, oficinas educativas e atividades l\u00fadicas que abordam o descarte correto de res\u00edduos e a prote\u00e7\u00e3o da biodiversidade costeira.<\/p>\n<p>Preserva\u00e7\u00e3o como comprometimento coletivo<\/p>\n<p>Para a secret\u00e1ria da Secretaria de Estado do Meio Ambiente, Infraestrutura e Log\u00edstica (Semil), Nat\u00e1lia Resende, o projeto refor\u00e7a a ideia de responsabilidade compartilhada.<\/p>\n<p>\u201cTodos os anos vamos \u00e0s praias para refor\u00e7ar a import\u00e2ncia do descarte correto dos res\u00edduos e de aproveitar o ver\u00e3o sem poluir e prejudicar nossas praias e nossa biodiversidade. Nesta temporada, estamos ampliando a abrang\u00eancia do projeto e levando essa mensagem a 16 cidades do litoral paulista\u201d, destaca.<\/p>\n<p>Veja tamb\u00e9m:\u00a0SP lan\u00e7a maior Opera\u00e7\u00e3o Ver\u00e3o da hist\u00f3ria no litoral com refor\u00e7o de 4 mil policiais<\/p>\n<p>A temporada 2026 foi aberta no m\u00eas de dezembro por Itanha\u00e9m. J\u00e1 no m\u00eas de fevereiro e mar\u00e7o, o Ver\u00e3o no Clima seguir\u00e1 para Cubat\u00e3o, Canan\u00e9ia, Iguape, Mongagu\u00e1, S\u00e3o Vicente, S\u00e3o Sebasti\u00e3o, Ilhabela e Caraguatatuba, com datas a serem divulgadas.<\/p>\n<p>Apoios e realiza\u00e7\u00e3o<\/p>\n<p>O Ver\u00e3o no Clima \u00e9 patrocinado atrav\u00e9s da Sabesp, por interm\u00e9dio da Lei Federal de Incentivo ao Esporte e da Lei Federal de Incentivo \u00e0 Cultura (Lei Rouanet).<\/p>\n<p>O projeto conta ainda com apoio da Cetesb, Funda\u00e7\u00e3o Florestal, Pol\u00edcia Ambiental do Estado de S\u00e3o Paulo, Centro Paula Souza, CREA-SP e da Circular Brain.<\/p>\n<p>A realiza\u00e7\u00e3o \u00e9 do Governo do Estado de S\u00e3o Paulo, por interm\u00e9dio da Diretoria de Educa\u00e7\u00e3o Ambiental da Semil.<\/p>\n<p>Veja a programa\u00e7\u00e3o do Ver\u00e3o no Clima no m\u00eas de janeiro<\/p>\n<p>Peru\u00edbe \u2013 dia 8<\/p>\n<p>5h30: Retirada de kits<\/p>\n<p>7h \u00e0s 8h: Corrida<\/p>\n<p>8h30 \u00e0s 9h30: Mutir\u00e3o de limpeza da praia<\/p>\n<p>10h \u00e0s 18h: Atividades culturais<\/p>\n<p>Atra\u00e7\u00f5es:<br \/>\n11h \u2013 Conta\u00e7\u00e3o de hist\u00f3rias<br \/>\n12h15 \u2013 Marco Sandri (Agito e Dan\u00e7a)<br \/>\n14h30 \u2013 Wagner e Pedro (Musical)<br \/>\n16h45 \u2013 Grupo Girassol (Musical)<\/p>\n<p>Bertioga \u2013 dia 10<\/p>\n<p>5h30: Retirada de kits<\/p>\n<p>7h \u00e0s 8h: Corrida<\/p>\n<p>8h30 \u00e0s 9h30: Mutir\u00e3o de limpeza da praia<\/p>\n<p>10h \u00e0s 18h: Atividades culturais e a\u00e7\u00f5es educativas<\/p>\n<p>Ilha Comprida \u2013 dia 15<\/p>\n<p>5h30: Retirada de kits<\/p>\n<p>7h \u00e0s 7h30: Mutir\u00e3o de limpeza<\/p>\n<p>7h45 \u00e0s 8h45: Corrida<\/p>\n<p>Atra\u00e7\u00f5es:<br \/>\n10h45 e 12h \u2013 Crescer para o Futuro<br \/>\n15h30 \u2013 Casa da Juventude<\/p>\n<p>Praia Grande \u2013 dia 17<\/p>\n<p>7h \u00e0s 7h30: Mutir\u00e3o de limpeza<\/p>\n<p>7h45 \u00e0s 8h45: Corrida<\/p>\n<p>Atra\u00e7\u00f5es:<br \/>\nTeatro (10h45 e 11h45)<br \/>\n13h \u2013 Ninno Junior<\/p>\n<p>Ubatuba \u2013 dia 24<\/p>\n<p>16h \u00e0s 17h: Mutir\u00e3o de limpeza<\/p>\n<p>Atra\u00e7\u00f5es:<br \/>\n14h \u2013 Pimbim (Palha\u00e7aria)<br \/>\n14h \u2013 Aula de Fitdance<br \/>\n15h45 \u2013 Aula de Zumba<\/p>\n<p>Santos \u2013 dia 28<\/p>\n<p>8h30 \u00e0s 9h30: Mutir\u00e3o de limpeza<\/p>\n<p>Atra\u00e7\u00e3o:<br \/>\n10h45 \u2013 Embaixadores do S\u00e9culo XXI<\/p>\n<p>Guaruj\u00e1 \u2013 dia 31<\/p>\n<p>8h30 \u00e0s 9h30: Mutir\u00e3o de limpeza<\/p>\n<p>10h \u00e0s 18h: Atividades culturais e educativas<\/p>\n<p>O Ver\u00e3o no Clima transforma o litoral paulista em palco de cidadania, lazer e conscientiza\u00e7\u00e3o ambiental durante a alta temporada.<\/p>\n<p><i>Com informa\u00e7\u00f5es do Diario do Litoral<\/i><\/p>\n","protected":false},"excerpt":{"rendered":"<p>O Projeto Ver\u00e3o no Clima inicia 2026 com uma programa\u00e7\u00e3o intensa no litoral paulista, levando atividades sem custo de esporte, cultura e educa\u00e7\u00e3o ambiental a sete cidades durante o m\u00eas de janeiro. O circuito itinerante passa por Peru\u00edbe (8), Bertioga (10), Ilha Comprida (15), Praia Grande (17), Ubatuba (24), Santos (28) e Guaruj\u00e1 (31). A<\/p>\n","protected":false},"author":1,"featured_media":13210,"comment_status":"closed","ping_status":"closed","sticky":false,"template":"","format":"standard","meta":{"footnotes":""},"categories":[33],"tags":[99,163],"class_list":{"0":"post-13209","1":"post","2":"type-post","3":"status-publish","4":"format-standard","5":"has-post-thumbnail","7":"category-ubatuba","8":"tag-cultura","9":"tag-ubatuba"},"_links":{"self":[{"href":"https:\/\/diarioubatuba.com.br\/index.php?rest_route=\/wp\/v2\/posts\/13209","targetHints":{"allow":["GET"]}}],"collection":[{"href":"https:\/\/diarioubatuba.com.br\/index.php?rest_route=\/wp\/v2\/posts"}],"about":[{"href":"https:\/\/diarioubatuba.com.br\/index.php?rest_route=\/wp\/v2\/types\/post"}],"author":[{"embeddable":true,"href":"https:\/\/diarioubatuba.com.br\/index.php?rest_route=\/wp\/v2\/users\/1"}],"replies":[{"embeddable":true,"href":"https:\/\/diarioubatuba.com.br\/index.php?rest_route=%2Fwp%2Fv2%2Fcomments&post=13209"}],"version-history":[{"count":1,"href":"https:\/\/diarioubatuba.com.br\/index.php?rest_route=\/wp\/v2\/posts\/13209\/revisions"}],"predecessor-version":[{"id":13306,"href":"https:\/\/diarioubatuba.com.br\/index.php?rest_route=\/wp\/v2\/posts\/13209\/revisions\/13306"}],"wp:featuredmedia":[{"embeddable":true,"href":"https:\/\/diarioubatuba.com.br\/index.php?rest_route=\/wp\/v2\/media\/13210"}],"wp:attachment":[{"href":"https:\/\/diarioubatuba.com.br\/index.php?rest_route=%2Fwp%2Fv2%2Fmedia&parent=13209"}],"wp:term":[{"taxonomy":"category","embeddable":true,"href":"https:\/\/diarioubatuba.com.br\/index.php?rest_route=%2Fwp%2Fv2%2Fcategories&post=13209"},{"taxonomy":"post_tag","embeddable":true,"href":"https:\/\/diarioubatuba.com.br\/index.php?rest_route=%2Fwp%2Fv2%2Ftags&post=13209"}],"curies":[{"name":"wp","href":"https:\/\/api.w.org\/{rel}","templated":true}]}}