{"id":12819,"date":"2025-12-04T13:46:09","date_gmt":"2025-12-04T13:46:09","guid":{"rendered":"https:\/\/diarioubatuba.com.br\/2025\/12\/04\/fotografia-de-maceio-e-selecionada-entre-as-25-melhores-imagens-de-2025-pela-national-geographic-retratando-impactos-de-desastre-ambiental\/"},"modified":"2025-12-04T14:33:34","modified_gmt":"2025-12-04T14:33:34","slug":"fotografia-de-maceio-e-selecionada-entre-as-25-melhores-imagens-de-2025-pela-national-geographic-retratando-impactos-de-desastre-ambiental","status":"publish","type":"post","link":"https:\/\/diarioubatuba.com.br\/?p=12819","title":{"rendered":"Fotografia de Macei\u00f3 \u00e9 Escolhida entre as 25 Melhores Imagens de 2025 atrav\u00e9s da National Geographic, Retratando Impactos de Desastre Ambiental"},"content":{"rendered":"<\/p>\n<p>A foto da fotojornalista Ma\u00edra Erlich, natural de Recife, foi recentemente escolhida atrav\u00e9s da National Geographic como uma das 25 melhores imagens do ano de 2025. Este trabalho faz parte de um projeto documental que aborda a grave situa\u00e7\u00e3o enfrentada por Macei\u00f3, onde bairros est\u00e3o sendo afetados atrav\u00e9s do afundamento decorrente da explora\u00e7\u00e3o de sal-gema atrav\u00e9s da Braskem.<\/p>\n<p>Intitulada \u201cShouder to lean on\u201d (traduzido como \u201cOmbro amigo\u201d), a fotografia captura um momento comovente de Dami\u00e3o Carlos da Silva, um morador que se viu compelido a deixar a casa em que viveu por mais de duas d\u00e9cadas. O solo sob seus p\u00e9s cedeu \u00e0s margens da lagoa Munda\u00fa, e na imagem, ele \u00e9 visto com um pequeno pintinho de estima\u00e7\u00e3o apoiado em seu ombro. O retrato, que exala afeto e resili\u00eancia, ilustra o impacto devastador de um desastre ambiental que afetou n\u00e3o exclusivamente a infraestrutura, mas tamb\u00e9m a vida e a conex\u00e3o emocional dos moradores.<\/p>\n<p>Ma\u00edra compartilhou sua satisfa\u00e7\u00e3o ao ver seu trabalho ganhar reconhecimento internacional, enfatizando a necessidade de dar visibilidade a uma hist\u00f3ria que, apesar de regional, tem repercuss\u00f5es significativas na vida de muitos. \u201cFiquei muito feliz de ter minha foto selecionada, pois \u00e9 dar um alcance mundial a uma hist\u00f3ria regional importante, que teve consequ\u00eancias na vida de muita gente\u201d, declarou a fotojornalista.<\/p>\n<p>Al\u00e9m dela, outros dois brasileiros tamb\u00e9m foram destaque na sele\u00e7\u00e3o da National Geographic: os paulistanos Lalo de Almeida e Fernando Faciole. Este reconhecimento fundamenta a relev\u00e2ncia e a for\u00e7a da fotografia documental brasileira no cen\u00e1rio mundial.<\/p>\n<p>Na difus\u00e3o feita atrav\u00e9s da revista, as imagens escolhidas foram elogiadas por sua capacidade de inspirar e testemunhar o mundo em transforma\u00e7\u00e3o. Com uma sele\u00e7\u00e3o que conta com obras de fot\u00f3grafos de mais de 20 pa\u00edses, a National Geographic procura tra\u00e7ar e refletir sobre as mudan\u00e7as que moldam nosso planeta e as hist\u00f3rias que merecem ser contadas.<\/p>\n<p>Com isso, o trabalho de Ma\u00edra Erlich n\u00e3o \u00e9 exclusivamente uma contribui\u00e7\u00e3o para a fotografia, mas tamb\u00e9m uma chamada \u00e0 aten\u00e7\u00e3o sobre quest\u00f5es que afetam comunidades inteiras, destacando o poder da imagem como ve\u00edculo de mudan\u00e7a e conscientiza\u00e7\u00e3o social.<\/p>\n<p>Um dos coment\u00e1rios em redes sociais chamou a aten\u00e7\u00e3o de todos \u201cNo primeiro momento parece que o passarinho que est\u00e1 procurando consolo no ombro do homem\u2026 mas quando voc\u00ea entende a hist\u00f3ria da foto tamb\u00e9m entende que o Seu Dami\u00e3o ta procurando consolo no p\u00e1ssaro como quem diz \u201ceu perdi minha casa pra gan\u00e2ncia humana e sei que voc\u00ea entende essa dor\u201d lind\u00edssimo registro e t\u00e3o sens\u00edvel.. parab\u00e9ns demais\u201d<\/p>\n","protected":false},"excerpt":{"rendered":"<p>A foto da fotojornalista Ma\u00edra Erlich, natural de Recife, foi recentemente escolhida atrav\u00e9s da National Geographic como uma das 25 melhores imagens do ano de 2025. Este trabalho faz parte de um projeto documental que aborda a grave situa\u00e7\u00e3o enfrentada por Macei\u00f3, onde bairros est\u00e3o sendo afetados atrav\u00e9s do afundamento decorrente da explora\u00e7\u00e3o de sal-gema<\/p>\n","protected":false},"author":1,"featured_media":12820,"comment_status":"closed","ping_status":"closed","sticky":false,"template":"","format":"standard","meta":{"footnotes":""},"categories":[36],"tags":[1849,114],"class_list":{"0":"post-12819","1":"post","2":"type-post","3":"status-publish","4":"format-standard","5":"has-post-thumbnail","7":"category-rede","8":"tag-brasken","9":"tag-rede"},"_links":{"self":[{"href":"https:\/\/diarioubatuba.com.br\/index.php?rest_route=\/wp\/v2\/posts\/12819","targetHints":{"allow":["GET"]}}],"collection":[{"href":"https:\/\/diarioubatuba.com.br\/index.php?rest_route=\/wp\/v2\/posts"}],"about":[{"href":"https:\/\/diarioubatuba.com.br\/index.php?rest_route=\/wp\/v2\/types\/post"}],"author":[{"embeddable":true,"href":"https:\/\/diarioubatuba.com.br\/index.php?rest_route=\/wp\/v2\/users\/1"}],"replies":[{"embeddable":true,"href":"https:\/\/diarioubatuba.com.br\/index.php?rest_route=%2Fwp%2Fv2%2Fcomments&post=12819"}],"version-history":[{"count":1,"href":"https:\/\/diarioubatuba.com.br\/index.php?rest_route=\/wp\/v2\/posts\/12819\/revisions"}],"predecessor-version":[{"id":12835,"href":"https:\/\/diarioubatuba.com.br\/index.php?rest_route=\/wp\/v2\/posts\/12819\/revisions\/12835"}],"wp:featuredmedia":[{"embeddable":true,"href":"https:\/\/diarioubatuba.com.br\/index.php?rest_route=\/wp\/v2\/media\/12820"}],"wp:attachment":[{"href":"https:\/\/diarioubatuba.com.br\/index.php?rest_route=%2Fwp%2Fv2%2Fmedia&parent=12819"}],"wp:term":[{"taxonomy":"category","embeddable":true,"href":"https:\/\/diarioubatuba.com.br\/index.php?rest_route=%2Fwp%2Fv2%2Fcategories&post=12819"},{"taxonomy":"post_tag","embeddable":true,"href":"https:\/\/diarioubatuba.com.br\/index.php?rest_route=%2Fwp%2Fv2%2Ftags&post=12819"}],"curies":[{"name":"wp","href":"https:\/\/api.w.org\/{rel}","templated":true}]}}