{"id":10985,"date":"2025-08-21T08:05:28","date_gmt":"2025-08-21T08:05:28","guid":{"rendered":"https:\/\/diarioubatuba.com.br\/2025\/08\/21\/quaest-percepcao-sobre-melhora-na-economia-sobe-pela-3a-vez-seguida\/"},"modified":"2025-08-23T09:28:00","modified_gmt":"2025-08-23T09:28:00","slug":"quaest-percepcao-sobre-melhora-na-economia-sobe-pela-3a-vez-seguida","status":"publish","type":"post","link":"https:\/\/diarioubatuba.com.br\/?p=10985","title":{"rendered":"Quaest: percep\u00e7\u00e3o sobre melhora na economia sobe atrav\u00e9s da 3\u00aa vez seguida"},"content":{"rendered":"<\/p>\n<p>Para 22% dos entrevistados da Pesquisa Genial\/Quaest divulgada quarta-feira agora (20\/8), a economia brasileira melhorou nos \u00faltimos 12 meses. O \u00edndice foi atingido depois de o governo do presidente Luiz In\u00e1cio Lula da Silva (PT) ter o pior resultado no m\u00eas de mar\u00e7o deste ano, desde o come\u00e7o da s\u00e9rie hist\u00f3rica do levantamento, iniciado no m\u00eas de agosto de 2023.<\/p>\n<p>Depois de os 16% no m\u00eas de mar\u00e7o que viam melhoria, o indicador passou para 18% no m\u00eas de maio, 21% no m\u00eas de julho e agora chega aos 22%. Ainda assim, existe 46% que julgam que houve piora na economia nos \u00faltimos 12 meses. Outros 30% avaliam que ficou do mesmo jeito e houve 2% que n\u00e3o souberam opinar ou n\u00e3o responderam.<\/p>\n<p>Os entrevistados tamb\u00e9m foram perguntados a respeito do pre\u00e7o dos alimentos. Para essa quest\u00e3o, 60% t\u00eam a percep\u00e7\u00e3o de que os produtos subiram no \u00faltimo m\u00eas contra 76% que pensavam assim no m\u00eas anterior. O percentual dos que julgam que os pre\u00e7os diminuiram passou de 8% para 18%, entre julho e agosto.<\/p>\n<p>A percep\u00e7\u00e3o dos entrevistados est\u00e1 em conformidade com o \u00faltimo resultado da infla\u00e7\u00e3o, divulgado atrav\u00e9s do Instituto Brasileiro de Geografia e Estat\u00edstica (IBGE). No m\u00eas de julho, o grupo alimenta\u00e7\u00e3o recuou 0,27%. No m\u00eas anterior tamb\u00e9m houve recuo, de 0,18%. No m\u00eas de julho, os destaques foram as diminui\u00e7\u00f5es no pre\u00e7o do caf\u00e9 (-10,1%) e da batata-inglesa (-20,27%).<\/p>\n<h5>Leia tamb\u00e9m<\/h5>\n<ul>\n<li>                                                Neg\u00f3cios<br \/>\n<h6>             D\u00f3lar sobe com infla\u00e7\u00e3o nos EUA e ataque de Trump ao Brasil. Bolsa cai           <\/h6>\n<\/li>\n<li>                                                Neg\u00f3cios<br \/>\n<h6>             Infla\u00e7\u00e3o ao produtor nos EUA fica acima do esperado no m\u00eas de julho           <\/h6>\n<\/li>\n<li>                                                Neg\u00f3cios<br \/>\n<h6>             Argentina: infla\u00e7\u00e3o desacelera para 36,6% no m\u00eas de julho, dentro do esperado           <\/h6>\n<\/li>\n<li>                                                Neg\u00f3cios<br \/>\n<h6>             Com dado de infla\u00e7\u00e3o, Trump volta a atacar Powell e amea\u00e7a process\u00e1-lo           <\/h6>\n<\/li>\n<\/ul>\n<h4>Aprova\u00e7\u00e3o<\/h4>\n<p>O foco da pesquisa \u00e9 a aprova\u00e7\u00e3o do governo Lula. O levantamento mostra que houve um segundo aumento consecutivo na aprova\u00e7\u00e3o, que alcan\u00e7ou 46%. O n\u00famero anterior, referente a julho deste ano era de 43%.<\/p>\n<p>Mesmo com a melhora na aprova\u00e7\u00e3o, a desaprova\u00e7\u00e3o a Lula ainda supera a prova\u00e7\u00e3o. Existe 51% que desaprovam o presidente. O resultado, neste caso, tamb\u00e9m foi, de certa forma, positivo, pois no levantamento anterior o n\u00famero era de 53%. No m\u00eas de maio, o percentual era ainda maior: 57%.<\/p>\n<p><strong>D\u00ea uma olhada a evolu\u00e7\u00e3o das informa\u00e7\u00f5es:<\/strong><\/p>\n<h4>A pesquisa<\/h4>\n<p>A pesquisa Quaest foi feita do dia 13 ao dia 17 de agosto deste ano nos estados de S\u00e3o Paulo, Minas Gerais, Rio de Janeiro, Bahia, Goi\u00e1s, Paran\u00e1, Rio Grande do Sul e Pernambuco. Foram feitas 12.150 entrevistas. A margem de erro \u00e9 de dois pontos percentuais para mais ou para menos, e o n\u00edvel de confian\u00e7a divulgado \u00e9 de 95%.<\/p>\n<p><i>Com informa\u00e7\u00f5es Metropoles<\/i><\/p>\n","protected":false},"excerpt":{"rendered":"<p>Para 22% dos entrevistados da Pesquisa Genial\/Quaest divulgada quarta-feira agora (20\/8), a economia brasileira melhorou nos \u00faltimos 12 meses. O \u00edndice foi atingido depois de o governo do presidente Luiz In\u00e1cio Lula da Silva (PT) ter o pior resultado no m\u00eas de mar\u00e7o deste ano, desde o come\u00e7o da s\u00e9rie hist\u00f3rica do levantamento, iniciado no<\/p>\n","protected":false},"author":1,"featured_media":10986,"comment_status":"closed","ping_status":"closed","sticky":false,"template":"","format":"standard","meta":{"footnotes":""},"categories":[34],"tags":[1486,135,386,232,275],"class_list":{"0":"post-10985","1":"post","2":"type-post","3":"status-publish","4":"format-standard","5":"has-post-thumbnail","7":"category-brasil","8":"tag-aprovacao","9":"tag-brasil","10":"tag-governo-lula","11":"tag-lula","12":"tag-pesquisa"},"_links":{"self":[{"href":"https:\/\/diarioubatuba.com.br\/index.php?rest_route=\/wp\/v2\/posts\/10985","targetHints":{"allow":["GET"]}}],"collection":[{"href":"https:\/\/diarioubatuba.com.br\/index.php?rest_route=\/wp\/v2\/posts"}],"about":[{"href":"https:\/\/diarioubatuba.com.br\/index.php?rest_route=\/wp\/v2\/types\/post"}],"author":[{"embeddable":true,"href":"https:\/\/diarioubatuba.com.br\/index.php?rest_route=\/wp\/v2\/users\/1"}],"replies":[{"embeddable":true,"href":"https:\/\/diarioubatuba.com.br\/index.php?rest_route=%2Fwp%2Fv2%2Fcomments&post=10985"}],"version-history":[{"count":1,"href":"https:\/\/diarioubatuba.com.br\/index.php?rest_route=\/wp\/v2\/posts\/10985\/revisions"}],"predecessor-version":[{"id":11028,"href":"https:\/\/diarioubatuba.com.br\/index.php?rest_route=\/wp\/v2\/posts\/10985\/revisions\/11028"}],"wp:featuredmedia":[{"embeddable":true,"href":"https:\/\/diarioubatuba.com.br\/index.php?rest_route=\/wp\/v2\/media\/10986"}],"wp:attachment":[{"href":"https:\/\/diarioubatuba.com.br\/index.php?rest_route=%2Fwp%2Fv2%2Fmedia&parent=10985"}],"wp:term":[{"taxonomy":"category","embeddable":true,"href":"https:\/\/diarioubatuba.com.br\/index.php?rest_route=%2Fwp%2Fv2%2Fcategories&post=10985"},{"taxonomy":"post_tag","embeddable":true,"href":"https:\/\/diarioubatuba.com.br\/index.php?rest_route=%2Fwp%2Fv2%2Ftags&post=10985"}],"curies":[{"name":"wp","href":"https:\/\/api.w.org\/{rel}","templated":true}]}}